{"id":248846,"date":"2026-03-13T18:35:31","date_gmt":"2026-03-14T01:35:31","guid":{"rendered":"https:\/\/rnoticias.com.mx\/Portal\/?p=248846"},"modified":"2026-03-13T18:35:31","modified_gmt":"2026-03-14T01:35:31","slug":"ine-suspendera-servicio-en-modulos-de-credencializacion-el-lunes-en-sonora","status":"publish","type":"post","link":"https:\/\/rnoticias.com.mx\/Portal\/2026\/03\/13\/ine-suspendera-servicio-en-modulos-de-credencializacion-el-lunes-en-sonora\/","title":{"rendered":"INE suspender\u00e1 servicio en m\u00f3dulos de credencializaci\u00f3n el lunes en Sonora"},"content":{"rendered":"<p>Hermosillo, Sonora. El Instituto Nacional Electoral (INE) en Sonora inform\u00f3 que el pr\u00f3ximo lunes 16 de marzo suspender\u00e1 actividades en todos sus m\u00f3dulos de atenci\u00f3n ciudadana y oficinas administrativas, debido a que se trata de un d\u00eda inh\u00e1bil con motivo de la conmemoraci\u00f3n del natalicio de Benito Ju\u00e1rez, que oficialmente se recorre en el calendario c\u00edvico nacional.<\/p>\n<p>&nbsp;<\/p>\n<p>A trav\u00e9s de sus redes sociales, la instituci\u00f3n electoral dio a conocer que durante esa jornada permanecer\u00e1n cerradas tanto las juntas distritales como los centros de credencializaci\u00f3n en la entidad, por lo que no se brindar\u00e1n servicios relacionados con tr\u00e1mites de la credencial para votar.<\/p>\n<p>&nbsp;<\/p>\n<p>El organismo se\u00f1al\u00f3 que las actividades se reanudar\u00e1n con normalidad el martes 17 de marzo, cuando los m\u00f3dulos retomar\u00e1n la atenci\u00f3n al p\u00fablico para continuar con los procesos de entrega de credenciales, as\u00ed como con solicitudes de actualizaci\u00f3n, reposici\u00f3n o inscripci\u00f3n al padr\u00f3n electoral.<\/p>\n<p>&nbsp;<\/p>\n<p>Asimismo, el INE exhort\u00f3 a la ciudadan\u00eda que tenga citas programadas a acudir puntualmente el d\u00eda y la hora asignados, con el fin de aprovechar la capacidad de atenci\u00f3n disponible en los M\u00f3dulos de Atenci\u00f3n Ciudadana.<\/p>\n<p>&nbsp;<\/p>\n<p>En Hermosillo, el instituto cuenta con tres m\u00f3dulos para la realizaci\u00f3n de tr\u00e1mites relacionados con la credencial para votar. Estos se encuentran ubicados en las oficinas generales del organismo, en Plaza Manantiales y en Pabell\u00f3n Reforma, los cuales brindan servicio en un horario de 8:00 de la ma\u00f1ana a 3:00 de la tarde.<\/p>\n<p>&nbsp;<\/p>\n<p>&nbsp;<\/p>\n","protected":false},"excerpt":{"rendered":"<p>Hermosillo, Sonora. El Instituto Nacional Electoral (INE) en Sonora inform\u00f3 que el pr\u00f3ximo lunes 16 de marzo suspender\u00e1 actividades en todos sus m\u00f3dulos de atenci\u00f3n ciudadana y oficinas administrativas, debido a que se trata de un d\u00eda inh\u00e1bil con motivo de la conmemoraci\u00f3n del natalicio de Benito Ju\u00e1rez, que oficialmente se recorre en el calendario [&hellip;]<\/p>\n","protected":false},"author":2,"featured_media":248847,"comment_status":"closed","ping_status":"closed","sticky":false,"template":"","format":"standard","meta":{"footnotes":""},"categories":[12870,178],"tags":[12865,12869],"class_list":["post-248846","post","type-post","status-publish","format-standard","has-post-thumbnail","hentry","category-destacadas","category-local","tag-destacadas","tag-local"],"jetpack_featured_media_url":"https:\/\/rnoticias.com.mx\/Portal\/wp-content\/uploads\/2026\/03\/ine-1.jpg","amp_enabled":true,"_links":{"self":[{"href":"https:\/\/rnoticias.com.mx\/Portal\/wp-json\/wp\/v2\/posts\/248846","targetHints":{"allow":["GET"]}}],"collection":[{"href":"https:\/\/rnoticias.com.mx\/Portal\/wp-json\/wp\/v2\/posts"}],"about":[{"href":"https:\/\/rnoticias.com.mx\/Portal\/wp-json\/wp\/v2\/types\/post"}],"author":[{"embeddable":true,"href":"https:\/\/rnoticias.com.mx\/Portal\/wp-json\/wp\/v2\/users\/2"}],"replies":[{"embeddable":true,"href":"https:\/\/rnoticias.com.mx\/Portal\/wp-json\/wp\/v2\/comments?post=248846"}],"version-history":[{"count":1,"href":"https:\/\/rnoticias.com.mx\/Portal\/wp-json\/wp\/v2\/posts\/248846\/revisions"}],"predecessor-version":[{"id":248848,"href":"https:\/\/rnoticias.com.mx\/Portal\/wp-json\/wp\/v2\/posts\/248846\/revisions\/248848"}],"wp:featuredmedia":[{"embeddable":true,"href":"https:\/\/rnoticias.com.mx\/Portal\/wp-json\/wp\/v2\/media\/248847"}],"wp:attachment":[{"href":"https:\/\/rnoticias.com.mx\/Portal\/wp-json\/wp\/v2\/media?parent=248846"}],"wp:term":[{"taxonomy":"category","embeddable":true,"href":"https:\/\/rnoticias.com.mx\/Portal\/wp-json\/wp\/v2\/categories?post=248846"},{"taxonomy":"post_tag","embeddable":true,"href":"https:\/\/rnoticias.com.mx\/Portal\/wp-json\/wp\/v2\/tags?post=248846"}],"curies":[{"name":"wp","href":"https:\/\/api.w.org\/{rel}","templated":true}]}}