{"id":248751,"date":"2026-03-12T22:04:40","date_gmt":"2026-03-13T05:04:40","guid":{"rendered":"https:\/\/rnoticias.com.mx\/Portal\/?p=248751"},"modified":"2026-03-12T22:04:40","modified_gmt":"2026-03-13T05:04:40","slug":"sonora-fortalece-su-seguridad-con-capacitacion-internacional-sspc","status":"publish","type":"post","link":"https:\/\/rnoticias.com.mx\/Portal\/2026\/03\/12\/sonora-fortalece-su-seguridad-con-capacitacion-internacional-sspc\/","title":{"rendered":"Sonora fortalece su seguridad con capacitaci\u00f3n internacional: SSPC"},"content":{"rendered":"<p>Hermosillo, Sonora; 12 de marzo de 2026.- La Secretar\u00eda de Seguridad y Protecci\u00f3n Ciudadana (SSPC) Sonora participa en el Congreso y las Capacitaciones de Verano de la Commission on Accreditation for Law Enforcement Agencies (CALEA), por sus siglas en ingl\u00e9s, un encuentro internacional enfocado en fortalecer los est\u00e1ndares de calidad, profesionalizaci\u00f3n y mejora continua en las instituciones encargadas de la seguridad p\u00fablica.<\/p>\n<p>El congreso ofrece m\u00faltiples capacitaciones especializadas dirigidas al personal que labora en \u00e1reas estrat\u00e9gicas de seguridad; estas actividades permiten actualizar conocimientos, fortalecer habilidades profesionales y preparar a las instituciones para enfrentar los nuevos retos en materia de seguridad p\u00fablica.<\/p>\n<p>Uno de los ejes m\u00e1s relevantes de las conferencias es el an\u00e1lisis del futuro de la seguridad p\u00fablica, con especial \u00e9nfasis en la incorporaci\u00f3n de nuevas tecnolog\u00edas y el uso de inteligencia artificial para mejorar la prevenci\u00f3n del delito, la toma de decisiones y la eficiencia en la atenci\u00f3n de emergencias.<\/p>\n<p>Con su participaci\u00f3n en estas capacitaciones internacionales se avanza en la consolidaci\u00f3n de instituciones de seguridad m\u00e1s profesionales, modernas y alineadas con est\u00e1ndares internacionales, reforzando as\u00ed su compromiso con la mejora continua de los servicios y la protecci\u00f3n de la ciudadan\u00eda.<\/p>\n<p>Con estas acciones la SSPC Sonora contin\u00faa impulsando la capacitaci\u00f3n y profesionalizaci\u00f3n de su personal, consolidando instituciones de seguridad m\u00e1s preparadas, modernas y comprometidas con la protecci\u00f3n y bienestar de las y los sonorenses.<\/p>\n","protected":false},"excerpt":{"rendered":"<p>Hermosillo, Sonora; 12 de marzo de 2026.- La Secretar\u00eda de Seguridad y Protecci\u00f3n Ciudadana (SSPC) Sonora participa en el Congreso y las Capacitaciones de Verano de la Commission on Accreditation for Law Enforcement Agencies (CALEA), por sus siglas en ingl\u00e9s, un encuentro internacional enfocado en fortalecer los est\u00e1ndares de calidad, profesionalizaci\u00f3n y mejora continua en [&hellip;]<\/p>\n","protected":false},"author":2,"featured_media":248752,"comment_status":"closed","ping_status":"closed","sticky":false,"template":"","format":"standard","meta":{"footnotes":""},"categories":[12870,178],"tags":[12865,12869],"class_list":["post-248751","post","type-post","status-publish","format-standard","has-post-thumbnail","hentry","category-destacadas","category-local","tag-destacadas","tag-local"],"jetpack_featured_media_url":"https:\/\/rnoticias.com.mx\/Portal\/wp-content\/uploads\/2026\/03\/92-1.jpg","amp_enabled":true,"_links":{"self":[{"href":"https:\/\/rnoticias.com.mx\/Portal\/wp-json\/wp\/v2\/posts\/248751","targetHints":{"allow":["GET"]}}],"collection":[{"href":"https:\/\/rnoticias.com.mx\/Portal\/wp-json\/wp\/v2\/posts"}],"about":[{"href":"https:\/\/rnoticias.com.mx\/Portal\/wp-json\/wp\/v2\/types\/post"}],"author":[{"embeddable":true,"href":"https:\/\/rnoticias.com.mx\/Portal\/wp-json\/wp\/v2\/users\/2"}],"replies":[{"embeddable":true,"href":"https:\/\/rnoticias.com.mx\/Portal\/wp-json\/wp\/v2\/comments?post=248751"}],"version-history":[{"count":1,"href":"https:\/\/rnoticias.com.mx\/Portal\/wp-json\/wp\/v2\/posts\/248751\/revisions"}],"predecessor-version":[{"id":248753,"href":"https:\/\/rnoticias.com.mx\/Portal\/wp-json\/wp\/v2\/posts\/248751\/revisions\/248753"}],"wp:featuredmedia":[{"embeddable":true,"href":"https:\/\/rnoticias.com.mx\/Portal\/wp-json\/wp\/v2\/media\/248752"}],"wp:attachment":[{"href":"https:\/\/rnoticias.com.mx\/Portal\/wp-json\/wp\/v2\/media?parent=248751"}],"wp:term":[{"taxonomy":"category","embeddable":true,"href":"https:\/\/rnoticias.com.mx\/Portal\/wp-json\/wp\/v2\/categories?post=248751"},{"taxonomy":"post_tag","embeddable":true,"href":"https:\/\/rnoticias.com.mx\/Portal\/wp-json\/wp\/v2\/tags?post=248751"}],"curies":[{"name":"wp","href":"https:\/\/api.w.org\/{rel}","templated":true}]}}