{"id":248748,"date":"2026-03-12T22:02:53","date_gmt":"2026-03-13T05:02:53","guid":{"rendered":"https:\/\/rnoticias.com.mx\/Portal\/?p=248748"},"modified":"2026-03-12T22:02:53","modified_gmt":"2026-03-13T05:02:53","slug":"sector-ganadero-sonorense-invierte-para-retomar-exportacion-a-estados-unidos","status":"publish","type":"post","link":"https:\/\/rnoticias.com.mx\/Portal\/2026\/03\/12\/sector-ganadero-sonorense-invierte-para-retomar-exportacion-a-estados-unidos\/","title":{"rendered":"Sector ganadero sonorense invierte para retomar exportaci\u00f3n a Estados Unidos"},"content":{"rendered":"<p>Hermosillo, Sonora. Tras m\u00e1s de un a\u00f1o con la frontera cerrada para la exportaci\u00f3n de ganado en pie hacia Estados Unidos, productores de Sonora han tenido que realizar importantes inversiones para cumplir con los protocolos sanitarios exigidos por autoridades estadounidenses.<\/p>\n<p>&nbsp;<\/p>\n<p>Juan Carlos Ochoa Valenzuela, presidente de la Uni\u00f3n Ganadera Regional de Sonora (UGRS), explic\u00f3 que el sector ha destinado recursos a infraestructura, sanidad y personal, adem\u00e1s de adquirir un terreno en Nogales para realizar adecuaciones necesarias para la exportaci\u00f3n.<\/p>\n<p>&nbsp;<\/p>\n<p>\u201cDesde el punto de vista t\u00e9cnico, los ganaderos ya cumplieron con todos los requisitos solicitados; sin embargo, la reapertura depende ahora de decisiones pol\u00edticas tal cual lo hemos dicho ya en anteriores ocasiones\u201d, mencion\u00f3.<\/p>\n<p>&nbsp;<\/p>\n<p>Indic\u00f3 que durante este periodo el sector ha tenido que mantener en operaci\u00f3n las instalaciones cuarentenarias y continuar pagando sueldos, lo que ha generado gastos constantes dif\u00edciles de calcular.<\/p>\n<p>&nbsp;<\/p>\n<p>Ochoa Valenzuela afirm\u00f3 que las inversiones han sido significativas y que los productores contin\u00faan trabajando para estar listos en cuanto se autorice nuevamente el cruce de ganado hacia el mercado estadounidense.<\/p>\n<p>&nbsp;<\/p>\n","protected":false},"excerpt":{"rendered":"<p>Hermosillo, Sonora. Tras m\u00e1s de un a\u00f1o con la frontera cerrada para la exportaci\u00f3n de ganado en pie hacia Estados Unidos, productores de Sonora han tenido que realizar importantes inversiones para cumplir con los protocolos sanitarios exigidos por autoridades estadounidenses. &nbsp; Juan Carlos Ochoa Valenzuela, presidente de la Uni\u00f3n Ganadera Regional de Sonora (UGRS), explic\u00f3 [&hellip;]<\/p>\n","protected":false},"author":2,"featured_media":248749,"comment_status":"closed","ping_status":"closed","sticky":false,"template":"","format":"standard","meta":{"footnotes":""},"categories":[12870,178],"tags":[12865,12869],"class_list":["post-248748","post","type-post","status-publish","format-standard","has-post-thumbnail","hentry","category-destacadas","category-local","tag-destacadas","tag-local"],"jetpack_featured_media_url":"https:\/\/rnoticias.com.mx\/Portal\/wp-content\/uploads\/2026\/03\/61.jpg","amp_enabled":true,"_links":{"self":[{"href":"https:\/\/rnoticias.com.mx\/Portal\/wp-json\/wp\/v2\/posts\/248748","targetHints":{"allow":["GET"]}}],"collection":[{"href":"https:\/\/rnoticias.com.mx\/Portal\/wp-json\/wp\/v2\/posts"}],"about":[{"href":"https:\/\/rnoticias.com.mx\/Portal\/wp-json\/wp\/v2\/types\/post"}],"author":[{"embeddable":true,"href":"https:\/\/rnoticias.com.mx\/Portal\/wp-json\/wp\/v2\/users\/2"}],"replies":[{"embeddable":true,"href":"https:\/\/rnoticias.com.mx\/Portal\/wp-json\/wp\/v2\/comments?post=248748"}],"version-history":[{"count":1,"href":"https:\/\/rnoticias.com.mx\/Portal\/wp-json\/wp\/v2\/posts\/248748\/revisions"}],"predecessor-version":[{"id":248750,"href":"https:\/\/rnoticias.com.mx\/Portal\/wp-json\/wp\/v2\/posts\/248748\/revisions\/248750"}],"wp:featuredmedia":[{"embeddable":true,"href":"https:\/\/rnoticias.com.mx\/Portal\/wp-json\/wp\/v2\/media\/248749"}],"wp:attachment":[{"href":"https:\/\/rnoticias.com.mx\/Portal\/wp-json\/wp\/v2\/media?parent=248748"}],"wp:term":[{"taxonomy":"category","embeddable":true,"href":"https:\/\/rnoticias.com.mx\/Portal\/wp-json\/wp\/v2\/categories?post=248748"},{"taxonomy":"post_tag","embeddable":true,"href":"https:\/\/rnoticias.com.mx\/Portal\/wp-json\/wp\/v2\/tags?post=248748"}],"curies":[{"name":"wp","href":"https:\/\/api.w.org\/{rel}","templated":true}]}}