{"id":248729,"date":"2026-03-12T21:17:14","date_gmt":"2026-03-13T04:17:14","guid":{"rendered":"https:\/\/rnoticias.com.mx\/Portal\/?p=248729"},"modified":"2026-03-12T21:17:14","modified_gmt":"2026-03-13T04:17:14","slug":"invitan-a-cabalgata-tradicional-de-primavera-en-san-ignacio","status":"publish","type":"post","link":"https:\/\/rnoticias.com.mx\/Portal\/2026\/03\/12\/invitan-a-cabalgata-tradicional-de-primavera-en-san-ignacio\/","title":{"rendered":"Invitan a Cabalgata Tradicional de Primavera en San Ignacio"},"content":{"rendered":"<p>El Ayuntamiento de San Ignacio R\u00edo Muerto invit\u00f3 a la ciudadan\u00eda a participar en la Cabalgata Tradicional de Primavera que se realizar\u00e1 el pr\u00f3ximo 15 de marzo, actividad que busca fortalecer las tradiciones y fomentar la convivencia entre las familias del municipio.<\/p>\n<p>&nbsp;<\/p>\n<p>F\u00e1tima Mendoza, Sindica Municipal, dio a conocer a nombre del alcalde el doctor Abel Gonz\u00e1lez Ambriz, que el recorrido iniciar\u00e1 en la comunidad Las Cachoras y concluir\u00e1 en el estadio de b\u00e9isbol Luis Barrios Viz.<\/p>\n<p>&nbsp;<\/p>\n<p>\u201cSe hace con una \u00fanica finalidad de conservar nuestras tradiciones, el convivio familiar y aparte el convivio de los dem\u00e1s municipios vecinos, porque vienen y nos visitan de Bac\u00fam, Guaymas, Empalme, Vicam, las comunidades de San Ignacio, entonces es una fiesta para todos\u201d, dijo.<\/p>\n<p>&nbsp;<\/p>\n<p>Detall\u00f3, que la salida est\u00e1 programada a las 12:00 del mediod\u00eda y se espera la participaci\u00f3n de jinetes y familias de diferentes comunidades, en un evento que celebra las costumbres y el orgullo por la tierra sonorense.<\/p>\n","protected":false},"excerpt":{"rendered":"<p>El Ayuntamiento de San Ignacio R\u00edo Muerto invit\u00f3 a la ciudadan\u00eda a participar en la Cabalgata Tradicional de Primavera que se realizar\u00e1 el pr\u00f3ximo 15 de marzo, actividad que busca fortalecer las tradiciones y fomentar la convivencia entre las familias del municipio. &nbsp; F\u00e1tima Mendoza, Sindica Municipal, dio a conocer a nombre del alcalde el [&hellip;]<\/p>\n","protected":false},"author":2,"featured_media":248730,"comment_status":"closed","ping_status":"closed","sticky":false,"template":"","format":"standard","meta":{"footnotes":""},"categories":[12870,174],"tags":[12865,12873],"class_list":["post-248729","post","type-post","status-publish","format-standard","has-post-thumbnail","hentry","category-destacadas","category-estatal","tag-destacadas","tag-estatal"],"jetpack_featured_media_url":"https:\/\/rnoticias.com.mx\/Portal\/wp-content\/uploads\/2026\/03\/cabl.jpg","amp_enabled":true,"_links":{"self":[{"href":"https:\/\/rnoticias.com.mx\/Portal\/wp-json\/wp\/v2\/posts\/248729","targetHints":{"allow":["GET"]}}],"collection":[{"href":"https:\/\/rnoticias.com.mx\/Portal\/wp-json\/wp\/v2\/posts"}],"about":[{"href":"https:\/\/rnoticias.com.mx\/Portal\/wp-json\/wp\/v2\/types\/post"}],"author":[{"embeddable":true,"href":"https:\/\/rnoticias.com.mx\/Portal\/wp-json\/wp\/v2\/users\/2"}],"replies":[{"embeddable":true,"href":"https:\/\/rnoticias.com.mx\/Portal\/wp-json\/wp\/v2\/comments?post=248729"}],"version-history":[{"count":1,"href":"https:\/\/rnoticias.com.mx\/Portal\/wp-json\/wp\/v2\/posts\/248729\/revisions"}],"predecessor-version":[{"id":248731,"href":"https:\/\/rnoticias.com.mx\/Portal\/wp-json\/wp\/v2\/posts\/248729\/revisions\/248731"}],"wp:featuredmedia":[{"embeddable":true,"href":"https:\/\/rnoticias.com.mx\/Portal\/wp-json\/wp\/v2\/media\/248730"}],"wp:attachment":[{"href":"https:\/\/rnoticias.com.mx\/Portal\/wp-json\/wp\/v2\/media?parent=248729"}],"wp:term":[{"taxonomy":"category","embeddable":true,"href":"https:\/\/rnoticias.com.mx\/Portal\/wp-json\/wp\/v2\/categories?post=248729"},{"taxonomy":"post_tag","embeddable":true,"href":"https:\/\/rnoticias.com.mx\/Portal\/wp-json\/wp\/v2\/tags?post=248729"}],"curies":[{"name":"wp","href":"https:\/\/api.w.org\/{rel}","templated":true}]}}