{"id":248715,"date":"2026-03-12T20:57:21","date_gmt":"2026-03-13T03:57:21","guid":{"rendered":"https:\/\/rnoticias.com.mx\/Portal\/?p=248715"},"modified":"2026-03-12T20:57:21","modified_gmt":"2026-03-13T03:57:21","slug":"reconoce-alcalde-gim-a-padre-de-familia-que-protegio-a-su-hija-en-escuela-de-nogales","status":"publish","type":"post","link":"https:\/\/rnoticias.com.mx\/Portal\/2026\/03\/12\/reconoce-alcalde-gim-a-padre-de-familia-que-protegio-a-su-hija-en-escuela-de-nogales\/","title":{"rendered":"Reconoce Alcalde Gim a padre de familia que protegi\u00f3 a su hija en escuela de Nogales"},"content":{"rendered":"<p>El alcalde de Nogales calific\u00f3 como un h\u00e9roe y un ejemplo de responsabilidad a un padre de familia que arriesg\u00f3 su integridad para proteger a su hija frente a la Escuela T\u00e9cnica No. 3, evitando una posible tragedia.<\/p>\n<p>&nbsp;<\/p>\n<p>El presidente municipal, Juan Gim Nogales, tambi\u00e9n agradeci\u00f3 la r\u00e1pida intervenci\u00f3n de los cuerpos de seguridad, quienes acudieron en cuesti\u00f3n de minutos para controlar la situaci\u00f3n sin que se registraran p\u00e9rdidas que lamentar.<\/p>\n<p>&nbsp;<\/p>\n<p>\u201cValoramos mucho lo que el padre de familia hizo, la verdad que se podr\u00eda calificar como un h\u00e9roe y se demuestra que un padre de familia hacemos por nuestros hijos y damos la vida si es necesario. En este caso el hizo todo por su hija, nosotros nos coordinamos r\u00e1pidamente cuando entr\u00f3 el c\u00f3digo rojo\u201d, afirm\u00f3.<\/p>\n<p>&nbsp;<\/p>\n<p>El funcionario se\u00f1al\u00f3 que el presunto responsable fue puesto a disposici\u00f3n de las autoridades y en los pr\u00f3ximos d\u00edas enfrentar\u00e1 su primera audiencia. Asimismo, reiter\u00f3 que continuar\u00e1n fortaleciendo los tiempos de respuesta y la inversi\u00f3n en tecnolog\u00eda para mejorar la vigilancia en zonas con incidencia delictiva.<\/p>\n","protected":false},"excerpt":{"rendered":"<p>El alcalde de Nogales calific\u00f3 como un h\u00e9roe y un ejemplo de responsabilidad a un padre de familia que arriesg\u00f3 su integridad para proteger a su hija frente a la Escuela T\u00e9cnica No. 3, evitando una posible tragedia. &nbsp; El presidente municipal, Juan Gim Nogales, tambi\u00e9n agradeci\u00f3 la r\u00e1pida intervenci\u00f3n de los cuerpos de seguridad, [&hellip;]<\/p>\n","protected":false},"author":2,"featured_media":248716,"comment_status":"closed","ping_status":"closed","sticky":false,"template":"","format":"standard","meta":{"footnotes":""},"categories":[12870,174],"tags":[12865,12873],"class_list":["post-248715","post","type-post","status-publish","format-standard","has-post-thumbnail","hentry","category-destacadas","category-estatal","tag-destacadas","tag-estatal"],"jetpack_featured_media_url":"https:\/\/rnoticias.com.mx\/Portal\/wp-content\/uploads\/2026\/03\/image-22.png","amp_enabled":true,"_links":{"self":[{"href":"https:\/\/rnoticias.com.mx\/Portal\/wp-json\/wp\/v2\/posts\/248715","targetHints":{"allow":["GET"]}}],"collection":[{"href":"https:\/\/rnoticias.com.mx\/Portal\/wp-json\/wp\/v2\/posts"}],"about":[{"href":"https:\/\/rnoticias.com.mx\/Portal\/wp-json\/wp\/v2\/types\/post"}],"author":[{"embeddable":true,"href":"https:\/\/rnoticias.com.mx\/Portal\/wp-json\/wp\/v2\/users\/2"}],"replies":[{"embeddable":true,"href":"https:\/\/rnoticias.com.mx\/Portal\/wp-json\/wp\/v2\/comments?post=248715"}],"version-history":[{"count":1,"href":"https:\/\/rnoticias.com.mx\/Portal\/wp-json\/wp\/v2\/posts\/248715\/revisions"}],"predecessor-version":[{"id":248717,"href":"https:\/\/rnoticias.com.mx\/Portal\/wp-json\/wp\/v2\/posts\/248715\/revisions\/248717"}],"wp:featuredmedia":[{"embeddable":true,"href":"https:\/\/rnoticias.com.mx\/Portal\/wp-json\/wp\/v2\/media\/248716"}],"wp:attachment":[{"href":"https:\/\/rnoticias.com.mx\/Portal\/wp-json\/wp\/v2\/media?parent=248715"}],"wp:term":[{"taxonomy":"category","embeddable":true,"href":"https:\/\/rnoticias.com.mx\/Portal\/wp-json\/wp\/v2\/categories?post=248715"},{"taxonomy":"post_tag","embeddable":true,"href":"https:\/\/rnoticias.com.mx\/Portal\/wp-json\/wp\/v2\/tags?post=248715"}],"curies":[{"name":"wp","href":"https:\/\/api.w.org\/{rel}","templated":true}]}}