{"id":248712,"date":"2026-03-12T20:54:31","date_gmt":"2026-03-13T03:54:31","guid":{"rendered":"https:\/\/rnoticias.com.mx\/Portal\/?p=248712"},"modified":"2026-03-12T21:06:51","modified_gmt":"2026-03-13T04:06:51","slug":"estudiantes-de-enfermeria-apoyan-jornada-de-vacunacion-en-hermosillo","status":"publish","type":"post","link":"https:\/\/rnoticias.com.mx\/Portal\/2026\/03\/12\/estudiantes-de-enfermeria-apoyan-jornada-de-vacunacion-en-hermosillo\/","title":{"rendered":"Estudiantes de enfermer\u00eda apoyan jornada de vacunaci\u00f3n en Hermosillo"},"content":{"rendered":"<p>Estudiantes de octavo semestre de la Escuela de Enfermer\u00eda del IMSS participan actualmente en las jornadas de vacunaci\u00f3n que se realizan en distintas Unidades de Medicina Familiar (UMF) de Hermosillo, como parte de sus pr\u00e1cticas profesionales y en apoyo a las campa\u00f1as de salud.<\/p>\n<p>&nbsp;<\/p>\n<p>Jonathan Valenzuela, estudiante de la Escuela de Enfermer\u00eda del IMSS, explic\u00f3 que los alumnos se encuentran rotando en el \u00e1rea de comunidad, donde colaboran en la aplicaci\u00f3n de vacunas y en la atenci\u00f3n de primer nivel, principalmente para reforzar la vacunaci\u00f3n contra el sarampi\u00f3n.<\/p>\n<p>&nbsp;<\/p>\n<p>\u201cPues es muy buena la experiencia, porque estamos viendo tanto a los enfermeros ya profesionales\u00a0y tanto a otros compa\u00f1eros que est\u00e1n haciendo servicio social, y pues ya teniendo una atenci\u00f3n\u00a0directa con el paciente\u201d, coment\u00f3.<\/p>\n<p>&nbsp;<\/p>\n<p>Se\u00f1al\u00f3 que diariamente pueden atender desde 10 hasta 30 personas o m\u00e1s, dependiendo de la demanda y finalmente, hizo un llamado a la ciudadan\u00eda a vacunarse, especialmente a ni\u00f1os y personas con enfermedades que debilitan el sistema inmunol\u00f3gico, ya que las vacunas representan una barrera importante para prevenir enfermedades y evitar su propagaci\u00f3n.<\/p>\n","protected":false},"excerpt":{"rendered":"<p>Estudiantes de octavo semestre de la Escuela de Enfermer\u00eda del IMSS participan actualmente en las jornadas de vacunaci\u00f3n que se realizan en distintas Unidades de Medicina Familiar (UMF) de Hermosillo, como parte de sus pr\u00e1cticas profesionales y en apoyo a las campa\u00f1as de salud. &nbsp; Jonathan Valenzuela, estudiante de la Escuela de Enfermer\u00eda del IMSS, [&hellip;]<\/p>\n","protected":false},"author":2,"featured_media":248725,"comment_status":"closed","ping_status":"closed","sticky":false,"template":"","format":"standard","meta":{"footnotes":""},"categories":[12870,178],"tags":[12865,12869],"class_list":["post-248712","post","type-post","status-publish","format-standard","has-post-thumbnail","hentry","category-destacadas","category-local","tag-destacadas","tag-local"],"jetpack_featured_media_url":"https:\/\/rnoticias.com.mx\/Portal\/wp-content\/uploads\/2026\/03\/221-1.jpg","amp_enabled":true,"_links":{"self":[{"href":"https:\/\/rnoticias.com.mx\/Portal\/wp-json\/wp\/v2\/posts\/248712","targetHints":{"allow":["GET"]}}],"collection":[{"href":"https:\/\/rnoticias.com.mx\/Portal\/wp-json\/wp\/v2\/posts"}],"about":[{"href":"https:\/\/rnoticias.com.mx\/Portal\/wp-json\/wp\/v2\/types\/post"}],"author":[{"embeddable":true,"href":"https:\/\/rnoticias.com.mx\/Portal\/wp-json\/wp\/v2\/users\/2"}],"replies":[{"embeddable":true,"href":"https:\/\/rnoticias.com.mx\/Portal\/wp-json\/wp\/v2\/comments?post=248712"}],"version-history":[{"count":1,"href":"https:\/\/rnoticias.com.mx\/Portal\/wp-json\/wp\/v2\/posts\/248712\/revisions"}],"predecessor-version":[{"id":248714,"href":"https:\/\/rnoticias.com.mx\/Portal\/wp-json\/wp\/v2\/posts\/248712\/revisions\/248714"}],"wp:featuredmedia":[{"embeddable":true,"href":"https:\/\/rnoticias.com.mx\/Portal\/wp-json\/wp\/v2\/media\/248725"}],"wp:attachment":[{"href":"https:\/\/rnoticias.com.mx\/Portal\/wp-json\/wp\/v2\/media?parent=248712"}],"wp:term":[{"taxonomy":"category","embeddable":true,"href":"https:\/\/rnoticias.com.mx\/Portal\/wp-json\/wp\/v2\/categories?post=248712"},{"taxonomy":"post_tag","embeddable":true,"href":"https:\/\/rnoticias.com.mx\/Portal\/wp-json\/wp\/v2\/tags?post=248712"}],"curies":[{"name":"wp","href":"https:\/\/api.w.org\/{rel}","templated":true}]}}