{"id":248709,"date":"2026-03-12T20:37:37","date_gmt":"2026-03-13T03:37:37","guid":{"rendered":"https:\/\/rnoticias.com.mx\/Portal\/?p=248709"},"modified":"2026-03-12T20:37:37","modified_gmt":"2026-03-13T03:37:37","slug":"gobierno-de-sonora-inaugura-en-san-carlos-la-feria-mexicana-de-ciencias-e-ingenierias-2026","status":"publish","type":"post","link":"https:\/\/rnoticias.com.mx\/Portal\/2026\/03\/12\/gobierno-de-sonora-inaugura-en-san-carlos-la-feria-mexicana-de-ciencias-e-ingenierias-2026\/","title":{"rendered":"Gobierno de Sonora inaugura en San Carlos la Feria Mexicana de Ciencias e Ingenier\u00edas 2026"},"content":{"rendered":"<p>San Carlos, Sonora; 12 de marzo de 2026.\u2013 El Gobierno de Sonora, a trav\u00e9s de la Secretar\u00eda de Econom\u00eda y Turismo y el Consejo Estatal de Ciencia y Tecnolog\u00eda (Coecyt), llev\u00f3 a cabo la ceremonia de inauguraci\u00f3n de la Feria Mexicana de Ciencias e Ingenier\u00edas 2026 (FEMECI), con la participaci\u00f3n de m\u00e1s de 600 asistentes provenientes de diversas entidades del pa\u00eds, teniendo como sede el destino tur\u00edstico de San Carlos, Sonora.<\/p>\n<p>El evento re\u00fane a 113 equipos de estudiantes de nivel medio superior y superior, quienes compiten en siete categor\u00edas del conocimiento, presentando proyectos cient\u00edficos y tecnol\u00f3gicos desarrollados con el acompa\u00f1amiento de sus asesores.<\/p>\n<p>La feria congrega a estudiantes, evaluadores, asesores, directivos y representantes de organismos dedicados al impulso de la ciencia y la innovaci\u00f3n en M\u00e9xico, en un encuentro que se desarrolla a lo largo de tres d\u00edas e incluye una agenda de actividades acad\u00e9micas, exposiciones cient\u00edficas, espacios de intercambio entre delegaciones y eventos culturales.<\/p>\n<p>Durante el d\u00eda de hoy y ma\u00f1ana se llevar\u00e1n a cabo las jornadas de evaluaci\u00f3n en las que las y los estudiantes presentar\u00e1n sus proyectos ante un comit\u00e9 de especialistas provenientes de distintas instituciones del pa\u00eds, quienes valorar\u00e1n la calidad cient\u00edfica, el impacto social y el potencial de innovaci\u00f3n de cada propuesta.<\/p>\n<p>La ceremonia de inauguraci\u00f3n cont\u00f3 con la presencia del Secretario de Econom\u00eda y Turismo del Estado de Sonora, Mtro. Roberto Gradilla Pineda; el Secretario de Educaci\u00f3n y Cultura, Lic. Froyl\u00e1n G\u00e1mez Gamboa; as\u00ed como con la participaci\u00f3n de la Lic. Marina Olimpia Castro, representante del Instituto Mexicano de la Propiedad Industrial (IMPI). Como anfitri\u00f3n del evento particip\u00f3 el Mtro. Said Saavedra Bracamonte, director general del Coecyt y presidente de la Red Nacional de Consejos y Organismos Estatales de Ciencia y Tecnolog\u00eda (REDNACECYT A.C.).<\/p>\n<p>Asimismo, se cont\u00f3 con la participaci\u00f3n virtual del Gobernador de Sonora, Dr. Alfonso Durazo Monta\u00f1o, quien dirigi\u00f3 un mensaje a las y los asistentes destacando la importancia de fortalecer los espacios que impulsan el talento cient\u00edfico de las juventudes. De igual forma, la Secretaria de Ciencia, Humanidades, Tecnolog\u00eda e Innovaci\u00f3n del Gobierno de M\u00e9xico, Rosaura Ruiz, se sum\u00f3 a la ceremonia mediante un mensaje a distancia.<\/p>\n<p>Durante sus intervenciones, las y los integrantes del pres\u00eddium coincidieron en destacar la relevancia de este tipo de espacios para fomentar el inter\u00e9s por la ciencia, la tecnolog\u00eda y la innovaci\u00f3n entre las juventudes, as\u00ed como para fortalecer el desarrollo de proyectos que contribuyan a la soluci\u00f3n de retos sociales, ambientales y productivos.<\/p>\n<p>La realizaci\u00f3n de este encuentro nacional en Sonora reafirma al estado como una tierra de oportunidades para el talento joven, donde el impulso a la ciencia, la tecnolog\u00eda y la innovaci\u00f3n se consolida como un eje estrat\u00e9gico para el desarrollo y el futuro del pa\u00eds.<\/p>\n","protected":false},"excerpt":{"rendered":"<p>San Carlos, Sonora; 12 de marzo de 2026.\u2013 El Gobierno de Sonora, a trav\u00e9s de la Secretar\u00eda de Econom\u00eda y Turismo y el Consejo Estatal de Ciencia y Tecnolog\u00eda (Coecyt), llev\u00f3 a cabo la ceremonia de inauguraci\u00f3n de la Feria Mexicana de Ciencias e Ingenier\u00edas 2026 (FEMECI), con la participaci\u00f3n de m\u00e1s de 600 asistentes [&hellip;]<\/p>\n","protected":false},"author":2,"featured_media":248710,"comment_status":"closed","ping_status":"closed","sticky":false,"template":"","format":"standard","meta":{"footnotes":""},"categories":[12870,174],"tags":[12865,12873],"class_list":["post-248709","post","type-post","status-publish","format-standard","has-post-thumbnail","hentry","category-destacadas","category-estatal","tag-destacadas","tag-estatal"],"jetpack_featured_media_url":"https:\/\/rnoticias.com.mx\/Portal\/wp-content\/uploads\/2026\/03\/unna6med-19.jpg","amp_enabled":true,"_links":{"self":[{"href":"https:\/\/rnoticias.com.mx\/Portal\/wp-json\/wp\/v2\/posts\/248709","targetHints":{"allow":["GET"]}}],"collection":[{"href":"https:\/\/rnoticias.com.mx\/Portal\/wp-json\/wp\/v2\/posts"}],"about":[{"href":"https:\/\/rnoticias.com.mx\/Portal\/wp-json\/wp\/v2\/types\/post"}],"author":[{"embeddable":true,"href":"https:\/\/rnoticias.com.mx\/Portal\/wp-json\/wp\/v2\/users\/2"}],"replies":[{"embeddable":true,"href":"https:\/\/rnoticias.com.mx\/Portal\/wp-json\/wp\/v2\/comments?post=248709"}],"version-history":[{"count":1,"href":"https:\/\/rnoticias.com.mx\/Portal\/wp-json\/wp\/v2\/posts\/248709\/revisions"}],"predecessor-version":[{"id":248711,"href":"https:\/\/rnoticias.com.mx\/Portal\/wp-json\/wp\/v2\/posts\/248709\/revisions\/248711"}],"wp:featuredmedia":[{"embeddable":true,"href":"https:\/\/rnoticias.com.mx\/Portal\/wp-json\/wp\/v2\/media\/248710"}],"wp:attachment":[{"href":"https:\/\/rnoticias.com.mx\/Portal\/wp-json\/wp\/v2\/media?parent=248709"}],"wp:term":[{"taxonomy":"category","embeddable":true,"href":"https:\/\/rnoticias.com.mx\/Portal\/wp-json\/wp\/v2\/categories?post=248709"},{"taxonomy":"post_tag","embeddable":true,"href":"https:\/\/rnoticias.com.mx\/Portal\/wp-json\/wp\/v2\/tags?post=248709"}],"curies":[{"name":"wp","href":"https:\/\/api.w.org\/{rel}","templated":true}]}}