{"id":248706,"date":"2026-03-12T20:35:07","date_gmt":"2026-03-13T03:35:07","guid":{"rendered":"https:\/\/rnoticias.com.mx\/Portal\/?p=248706"},"modified":"2026-03-12T20:35:07","modified_gmt":"2026-03-13T03:35:07","slug":"gobernador-durazo-crea-modelo-de-atencion-y-proteccion-a-mujeres-en-situacion-de-violencia-con-primera-estancia-temporal","status":"publish","type":"post","link":"https:\/\/rnoticias.com.mx\/Portal\/2026\/03\/12\/gobernador-durazo-crea-modelo-de-atencion-y-proteccion-a-mujeres-en-situacion-de-violencia-con-primera-estancia-temporal\/","title":{"rendered":"Gobernador Durazo crea modelo de atenci\u00f3n y protecci\u00f3n a mujeres en situaci\u00f3n de violencia con primera Estancia Temporal"},"content":{"rendered":"<p>Hermosillo, Sonora; 12 de marzo de 2026.- Con el compromiso de garantizar la protecci\u00f3n y restituci\u00f3n de los derechos de las mujeres v\u00edctimas y sus familias, el gobernador Alfonso Durazo Monta\u00f1o inaugur\u00f3 la segunda etapa de la Estancia Temporal para Mujeres, sus Hijas e Hijos en situaci\u00f3n de Violencia Extrema en la entidad, y anunci\u00f3 el programa Ni\u00f1as Adelante, iniciativa que brindar\u00e1 acompa\u00f1amiento integral y becas a adolescentes en condici\u00f3n de vulnerabilidad.<\/p>\n<p>El mandatario estatal, junto a Roc\u00edo Ch\u00e1vez Murillo, presidenta honoraria del Sistema DIF Sonora, explic\u00f3 que la estancia temporal es un modelo pionero de atenci\u00f3n a v\u00edctimas, que integra protecci\u00f3n inmediata, cuidado especializado, desarrollo econ\u00f3mico y generaci\u00f3n de espacios seguros, a trav\u00e9s de apoyos psicol\u00f3gicos, alimentarios, becas educativas, capacitaci\u00f3n para el trabajo, financiamiento de proyectos productivos, acceso a vivienda, cr\u00e9ditos para mujeres y cobertura de salud.<\/p>\n<p>&#8220;Agradezco la colaboraci\u00f3n de otras, otros empresarios, muchas instituciones que hacen posible que lo que era un sue\u00f1o se traduzca el d\u00eda de hoy en una respuesta que nos permita atender a mujeres en situaci\u00f3n de violencia, y que puedan llegar aqu\u00ed a un refugio seguro con la certeza de que no sufrir\u00e1n m\u00e1s violencia. Este es tan solo el primer paso, pero s\u00ed debo decirlo, lo doy como gobernador del estado, acompa\u00f1ado por mi esposa, Roc\u00edo, con una gran convicci\u00f3n. Y no regatearemos esfuerzos algunos de nuestra parte para dar otros pasos en ese sentido&#8221;, expres\u00f3 el gobernador Durazo.<\/p>\n<p>La estancia cuenta con 20 departamentos totalmente equipados, \u00e1reas comunes, espacios de lavander\u00eda, sistemas de seguridad con circuito cerrado y paneles solares para el suministro de energ\u00eda, garantizando un entorno digno y seguro para las mujeres y sus familias. Para su construcci\u00f3n, equipamiento y puesta en marcha se destinaron m\u00e1s de 24 millones de pesos, recursos obtenidos gracias a medidas de austeridad, eficiencia administrativa y el uso responsable del Fondo de Ayuda, Asistencia y Reparaci\u00f3n Integral.<\/p>\n<p>Esta estancia temporal se realiz\u00f3 a trav\u00e9s del Sistema Estatal de Atenci\u00f3n a V\u00edctimas (SEAV) y la Comisi\u00f3n Ejecutiva Estatal de Atenci\u00f3n a V\u00edctimas (CEEAV), como parte del Programa de Atenci\u00f3n a Mujeres, Ni\u00f1as, Ni\u00f1os y Adolescentes en Situaci\u00f3n de Violencia Extrema, una estrategia con enfoque de derechos humanos, perspectiva de g\u00e9nero y atenci\u00f3n al trauma.<\/p>\n<p>El mandatario estatal, en un evento conmemorativo del 8 de Marzo, detall\u00f3 que el programa \u201cNi\u00f1as Adelante\u201d dar\u00e1 atenci\u00f3n a 250 ni\u00f1as y adolescentes de entre 12 y 17 a\u00f1os, quienes adem\u00e1s recibir\u00e1n un apoyo econ\u00f3mico de 10 mil pesos cada una, lo que representa una inversi\u00f3n total de 2 millones 500 mil pesos destinada a impulsar su desarrollo educativo y personal.<\/p>\n<p>El gobernador Alfonso Durazo Monta\u00f1o reiter\u00f3 el llamado a los sectores empresarial y social a sumarse a este esfuerzo mediante la generaci\u00f3n de oportunidades laborales, actividades culturales y redes de apoyo que permitan a las mujeres y sus familias reconstruir su proyecto de vida y avanzar hacia un Sonora m\u00e1s seguro y humano.<\/p>\n","protected":false},"excerpt":{"rendered":"<p>Hermosillo, Sonora; 12 de marzo de 2026.- Con el compromiso de garantizar la protecci\u00f3n y restituci\u00f3n de los derechos de las mujeres v\u00edctimas y sus familias, el gobernador Alfonso Durazo Monta\u00f1o inaugur\u00f3 la segunda etapa de la Estancia Temporal para Mujeres, sus Hijas e Hijos en situaci\u00f3n de Violencia Extrema en la entidad, y anunci\u00f3 [&hellip;]<\/p>\n","protected":false},"author":2,"featured_media":248707,"comment_status":"closed","ping_status":"closed","sticky":false,"template":"","format":"standard","meta":{"footnotes":""},"categories":[12870,178],"tags":[12865,12869],"class_list":["post-248706","post","type-post","status-publish","format-standard","has-post-thumbnail","hentry","category-destacadas","category-local","tag-destacadas","tag-local"],"jetpack_featured_media_url":"https:\/\/rnoticias.com.mx\/Portal\/wp-content\/uploads\/2026\/03\/unnamed-19-1.jpg","amp_enabled":true,"_links":{"self":[{"href":"https:\/\/rnoticias.com.mx\/Portal\/wp-json\/wp\/v2\/posts\/248706","targetHints":{"allow":["GET"]}}],"collection":[{"href":"https:\/\/rnoticias.com.mx\/Portal\/wp-json\/wp\/v2\/posts"}],"about":[{"href":"https:\/\/rnoticias.com.mx\/Portal\/wp-json\/wp\/v2\/types\/post"}],"author":[{"embeddable":true,"href":"https:\/\/rnoticias.com.mx\/Portal\/wp-json\/wp\/v2\/users\/2"}],"replies":[{"embeddable":true,"href":"https:\/\/rnoticias.com.mx\/Portal\/wp-json\/wp\/v2\/comments?post=248706"}],"version-history":[{"count":1,"href":"https:\/\/rnoticias.com.mx\/Portal\/wp-json\/wp\/v2\/posts\/248706\/revisions"}],"predecessor-version":[{"id":248708,"href":"https:\/\/rnoticias.com.mx\/Portal\/wp-json\/wp\/v2\/posts\/248706\/revisions\/248708"}],"wp:featuredmedia":[{"embeddable":true,"href":"https:\/\/rnoticias.com.mx\/Portal\/wp-json\/wp\/v2\/media\/248707"}],"wp:attachment":[{"href":"https:\/\/rnoticias.com.mx\/Portal\/wp-json\/wp\/v2\/media?parent=248706"}],"wp:term":[{"taxonomy":"category","embeddable":true,"href":"https:\/\/rnoticias.com.mx\/Portal\/wp-json\/wp\/v2\/categories?post=248706"},{"taxonomy":"post_tag","embeddable":true,"href":"https:\/\/rnoticias.com.mx\/Portal\/wp-json\/wp\/v2\/tags?post=248706"}],"curies":[{"name":"wp","href":"https:\/\/api.w.org\/{rel}","templated":true}]}}