{"id":248687,"date":"2026-03-11T20:49:56","date_gmt":"2026-03-12T03:49:56","guid":{"rendered":"https:\/\/rnoticias.com.mx\/Portal\/?p=248687"},"modified":"2026-03-11T20:49:56","modified_gmt":"2026-03-12T03:49:56","slug":"proyecto-comunitario-decidete-vive-sin-adicciones-fortalece-los-consejos-de-paz-y-el-protocolo-mochila-sana-sec","status":"publish","type":"post","link":"https:\/\/rnoticias.com.mx\/Portal\/2026\/03\/11\/proyecto-comunitario-decidete-vive-sin-adicciones-fortalece-los-consejos-de-paz-y-el-protocolo-mochila-sana-sec\/","title":{"rendered":"Proyecto comunitario \u201cDec\u00eddete, vive sin adicciones\u201d fortalece los Consejos de Paz y el protocolo &#8220;Mochila Sana&#8221;: SEC"},"content":{"rendered":"<p>Cajeme, Sonora; 11 de marzo de 2026.- El proyecto comunitario \u201cDec\u00eddete: vive sin adicciones\u201d, forma parte del Plan de Atenci\u00f3n a las Causas y se articula con los Consejos de Paz, para promover la seguridad desde las aulas, desde las familias y desde la comunidad, fortaleciendo otras acciones como la estrategia &#8220;Mochila Sana&#8221;.<\/p>\n<p>El titular de la Secretar\u00eda de Educaci\u00f3n y Cultura (SEC), Froyl\u00e1n G\u00e1mez Gamboa, subray\u00f3 la importancia de promover la participaci\u00f3n de estudiantes, docentes y familias en acciones de sensibilizaci\u00f3n, prevenci\u00f3n y fortalecimiento de habilidades para la vida.<\/p>\n<p>Asimismo, resalt\u00f3 la instrucci\u00f3n del gobernador Alfonso Durazo de consolidar el trabajo coordinado entre las instituciones del Gobierno de Sonora para generar mayores beneficios y oportunidades en beneficio de la comunidad escolar y la sociedad en general.<\/p>\n<p>El proyecto comunitario puesto en marcha en la secundaria Estatal No. 11, de Ciudad Obreg\u00f3n, contar\u00e1 con la participaci\u00f3n de la Secretar\u00eda de Seguridad y Protecci\u00f3n Ciudadana, as\u00ed como de DIF Sonora y la Secretar\u00eda de Salud, para prevenir el consumo de sustancias adictivas en adolescentes y j\u00f3venes sonorenses.<\/p>\n<p>G\u00e1mez Gamboa subray\u00f3 la importancia de darles a conocer lo que implica el consumo de sustancias prohibidas para que tengan el valor de decir que no y que emocionalmente est\u00e9n fortalecidos a trav\u00e9s de una buena comunicaci\u00f3n con su familia, que junto con las autoridades escolares ser\u00e1n quienes brinden la orientaci\u00f3n adecuada para que tomen una decisi\u00f3n correcta respecto a sus vidas.<\/p>\n<p>Durante una gira de trabajo por el municipio de Cajeme, el secretario de Educaci\u00f3n y Cultura tambi\u00e9n supervis\u00f3 la distribuci\u00f3n de materiales y equipamiento a centros de trabajo de Educaci\u00f3n Especial, adem\u00e1s de encabezar la entrega de constancias a 24 Agentes Educativas de Educaci\u00f3n Inicial, quienes participaron en acciones de profesionalizaci\u00f3n para la mejora del servicio que prestan en comunidades ind\u00edgenas.<\/p>\n","protected":false},"excerpt":{"rendered":"<p>Cajeme, Sonora; 11 de marzo de 2026.- El proyecto comunitario \u201cDec\u00eddete: vive sin adicciones\u201d, forma parte del Plan de Atenci\u00f3n a las Causas y se articula con los Consejos de Paz, para promover la seguridad desde las aulas, desde las familias y desde la comunidad, fortaleciendo otras acciones como la estrategia &#8220;Mochila Sana&#8221;. El titular [&hellip;]<\/p>\n","protected":false},"author":2,"featured_media":248688,"comment_status":"closed","ping_status":"closed","sticky":false,"template":"","format":"standard","meta":{"footnotes":""},"categories":[178],"tags":[12869],"class_list":["post-248687","post","type-post","status-publish","format-standard","has-post-thumbnail","hentry","category-local","tag-local"],"jetpack_featured_media_url":"https:\/\/rnoticias.com.mx\/Portal\/wp-content\/uploads\/2026\/03\/unnamed-34.jpg","amp_enabled":true,"_links":{"self":[{"href":"https:\/\/rnoticias.com.mx\/Portal\/wp-json\/wp\/v2\/posts\/248687","targetHints":{"allow":["GET"]}}],"collection":[{"href":"https:\/\/rnoticias.com.mx\/Portal\/wp-json\/wp\/v2\/posts"}],"about":[{"href":"https:\/\/rnoticias.com.mx\/Portal\/wp-json\/wp\/v2\/types\/post"}],"author":[{"embeddable":true,"href":"https:\/\/rnoticias.com.mx\/Portal\/wp-json\/wp\/v2\/users\/2"}],"replies":[{"embeddable":true,"href":"https:\/\/rnoticias.com.mx\/Portal\/wp-json\/wp\/v2\/comments?post=248687"}],"version-history":[{"count":1,"href":"https:\/\/rnoticias.com.mx\/Portal\/wp-json\/wp\/v2\/posts\/248687\/revisions"}],"predecessor-version":[{"id":248689,"href":"https:\/\/rnoticias.com.mx\/Portal\/wp-json\/wp\/v2\/posts\/248687\/revisions\/248689"}],"wp:featuredmedia":[{"embeddable":true,"href":"https:\/\/rnoticias.com.mx\/Portal\/wp-json\/wp\/v2\/media\/248688"}],"wp:attachment":[{"href":"https:\/\/rnoticias.com.mx\/Portal\/wp-json\/wp\/v2\/media?parent=248687"}],"wp:term":[{"taxonomy":"category","embeddable":true,"href":"https:\/\/rnoticias.com.mx\/Portal\/wp-json\/wp\/v2\/categories?post=248687"},{"taxonomy":"post_tag","embeddable":true,"href":"https:\/\/rnoticias.com.mx\/Portal\/wp-json\/wp\/v2\/tags?post=248687"}],"curies":[{"name":"wp","href":"https:\/\/api.w.org\/{rel}","templated":true}]}}