{"id":248669,"date":"2026-03-11T20:42:06","date_gmt":"2026-03-12T03:42:06","guid":{"rendered":"https:\/\/rnoticias.com.mx\/Portal\/?p=248669"},"modified":"2026-03-11T20:42:06","modified_gmt":"2026-03-12T03:42:06","slug":"gobierno-de-sonora-impulsa-profesionalizacion-de-personal-universitario-con-convenio-con-isap-ues","status":"publish","type":"post","link":"https:\/\/rnoticias.com.mx\/Portal\/2026\/03\/11\/gobierno-de-sonora-impulsa-profesionalizacion-de-personal-universitario-con-convenio-con-isap-ues\/","title":{"rendered":"Gobierno de Sonora impulsa profesionalizaci\u00f3n de personal universitario con convenio con ISAP: UES"},"content":{"rendered":"<p>Hermosillo, Sonora; 11 de marzo de 2026.- Como parte de las acciones del Gobierno de Sonora para fortalecer la educaci\u00f3n superior, la Universidad Estatal de Sonora (UES) estableci\u00f3 un convenio con el Instituto Sonorense de Administraci\u00f3n P\u00fablica (ISAP) para ampliar la capacitaci\u00f3n y profesionalizaci\u00f3n de su personal docente y administrativo.<\/p>\n<p>La rectora de la UES, Martha Patricia Pati\u00f1o Fierro, y el presidente del Consejo Directivo del ISAP, Rafael Enrique Valenzuela Mendoza, firmaron el acuerdo que permitir\u00e1 fortalecer las competencias del personal universitario, en beneficio de las y los estudiantes y de la sociedad sonorense.<\/p>\n<p>Durante el acto, la rectora destac\u00f3 que la UES refrenda su compromiso de aportar lo que le corresponde para fortalecer la capacitaci\u00f3n y el desarrollo del capital humano, al considerar que se trata de un elemento clave para alcanzar los objetivos institucionales.<\/p>\n<p>Subray\u00f3 que hablar de excelencia, pertinencia y eficacia implica contar con personal capacitado y profesionalizado, ya que sin ese recurso humano es dif\u00edcil avanzar en esos prop\u00f3sitos.<\/p>\n<p>Mediante este convenio, el personal de la UES podr\u00e1 acceder a programas de posgrado de ISAP con descuentos en inscripci\u00f3n y colegiaturas, lo que ampliar\u00e1 sus oportunidades de desarrollo profesional y contribuir\u00e1 al fortalecimiento institucional de la universidad.<\/p>\n<p>Con este tipo de alianzas, la UES reafirma su compromiso con la mejora continua, en sinton\u00eda con la visi\u00f3n de transformaci\u00f3n educativa que impulsa el gobernador Alfonso Durazo Monta\u00f1o para generar mayores oportunidades de desarrollo para las y los sonorenses.<\/p>\n","protected":false},"excerpt":{"rendered":"<p>Hermosillo, Sonora; 11 de marzo de 2026.- Como parte de las acciones del Gobierno de Sonora para fortalecer la educaci\u00f3n superior, la Universidad Estatal de Sonora (UES) estableci\u00f3 un convenio con el Instituto Sonorense de Administraci\u00f3n P\u00fablica (ISAP) para ampliar la capacitaci\u00f3n y profesionalizaci\u00f3n de su personal docente y administrativo. La rectora de la UES, [&hellip;]<\/p>\n","protected":false},"author":2,"featured_media":248670,"comment_status":"closed","ping_status":"closed","sticky":false,"template":"","format":"standard","meta":{"footnotes":""},"categories":[178],"tags":[12869],"class_list":["post-248669","post","type-post","status-publish","format-standard","has-post-thumbnail","hentry","category-local","tag-local"],"jetpack_featured_media_url":"https:\/\/rnoticias.com.mx\/Portal\/wp-content\/uploads\/2026\/03\/9s.jpg","amp_enabled":true,"_links":{"self":[{"href":"https:\/\/rnoticias.com.mx\/Portal\/wp-json\/wp\/v2\/posts\/248669","targetHints":{"allow":["GET"]}}],"collection":[{"href":"https:\/\/rnoticias.com.mx\/Portal\/wp-json\/wp\/v2\/posts"}],"about":[{"href":"https:\/\/rnoticias.com.mx\/Portal\/wp-json\/wp\/v2\/types\/post"}],"author":[{"embeddable":true,"href":"https:\/\/rnoticias.com.mx\/Portal\/wp-json\/wp\/v2\/users\/2"}],"replies":[{"embeddable":true,"href":"https:\/\/rnoticias.com.mx\/Portal\/wp-json\/wp\/v2\/comments?post=248669"}],"version-history":[{"count":1,"href":"https:\/\/rnoticias.com.mx\/Portal\/wp-json\/wp\/v2\/posts\/248669\/revisions"}],"predecessor-version":[{"id":248671,"href":"https:\/\/rnoticias.com.mx\/Portal\/wp-json\/wp\/v2\/posts\/248669\/revisions\/248671"}],"wp:featuredmedia":[{"embeddable":true,"href":"https:\/\/rnoticias.com.mx\/Portal\/wp-json\/wp\/v2\/media\/248670"}],"wp:attachment":[{"href":"https:\/\/rnoticias.com.mx\/Portal\/wp-json\/wp\/v2\/media?parent=248669"}],"wp:term":[{"taxonomy":"category","embeddable":true,"href":"https:\/\/rnoticias.com.mx\/Portal\/wp-json\/wp\/v2\/categories?post=248669"},{"taxonomy":"post_tag","embeddable":true,"href":"https:\/\/rnoticias.com.mx\/Portal\/wp-json\/wp\/v2\/tags?post=248669"}],"curies":[{"name":"wp","href":"https:\/\/api.w.org\/{rel}","templated":true}]}}