{"id":248666,"date":"2026-03-11T20:41:14","date_gmt":"2026-03-12T03:41:14","guid":{"rendered":"https:\/\/rnoticias.com.mx\/Portal\/?p=248666"},"modified":"2026-03-11T20:41:14","modified_gmt":"2026-03-12T03:41:14","slug":"gobierno-de-sonora-implementa-modelo-de-escuela-agroecologica-cobach","status":"publish","type":"post","link":"https:\/\/rnoticias.com.mx\/Portal\/2026\/03\/11\/gobierno-de-sonora-implementa-modelo-de-escuela-agroecologica-cobach\/","title":{"rendered":"Gobierno de Sonora implementa modelo de Escuela Agroecol\u00f3gica: Cobach"},"content":{"rendered":"<p>Hermosillo, Sonora; 11 de marzo de 2026.- El Gobierno de Sonora avanza en la implementaci\u00f3n del modelo de Escuela Agroecol\u00f3gica en el plantel San Ignacio R\u00edo Muerto del Colegio de Bachilleres del Estado de Sonora (Cobach), en el cual avanza su transformaci\u00f3n mediante un huerto escolar que involucra a estudiantes y docentes.<\/p>\n<p>La comunidad escolar de dicho centro educativo implementa pr\u00e1cticas sostenibles y acciones para la restauraci\u00f3n de la biodiversidad, como parte de una iniciativa internacional impulsada por la Comisi\u00f3n para la Cooperaci\u00f3n Ambiental.<\/p>\n<p>El director general de Cobach Sonora, Rodrigo Arturo Rosas Burgos, detall\u00f3 que el plantel fue seleccionado entre m\u00e1s de 300 proyectos presentados por escuelas de Canad\u00e1, Estados Unidos y M\u00e9xico, para integrarse a los 14 elegidos dentro de la iniciativa \u201cEscuelas para la Vida Agroecol\u00f3gica\u201d.<\/p>\n<p>El programa consiste en la creaci\u00f3n de huertos integrales, capacitaci\u00f3n en monitoreo biol\u00f3gico de insectos, aves y murci\u00e9lagos, instalaci\u00f3n de refugios para polinizadores y la promoci\u00f3n de buenas pr\u00e1cticas agr\u00edcolas orientadas al cuidado del entorno.<\/p>\n<p>En la actividad participan 20 alumnas y alumnos, con la meta de ampliarlo a estudiantes de la capacitaci\u00f3n de Gesti\u00f3n Ambiental y Desarrollo Sostenible, promoviendo la conciencia ecol\u00f3gica, la producci\u00f3n de alimentos org\u00e1nicos y t\u00e9cnicas de siembra y riego.<\/p>\n<p>En coordinaci\u00f3n con la Fundaci\u00f3n Ambiental del Valle del Yaqui A.C., estudiantes del plantel forman parte, por tercer a\u00f1o, de este proyecto transversal a trav\u00e9s del cual han sembrado y cosechado calabaza, chile serrano y verde, betabel, zanahoria, tomate, cebolla cambray, ma\u00edz criollo y rojo, ajonjol\u00ed, r\u00e1banos, repollo, coliflor, lechuga y okra.<\/p>\n<p>Con iniciativas como esta, el Gobierno de Sonora promueve que las y los j\u00f3venes se capaciten y participen activamente en el cuidado del medio ambiente como parte de su formaci\u00f3n, impulsando proyectos y pr\u00e1cticas ecol\u00f3gicas que les permita asumir un papel protag\u00f3nico en la construcci\u00f3n del futuro sostenible de nuestra entidad.<\/p>\n","protected":false},"excerpt":{"rendered":"<p>Hermosillo, Sonora; 11 de marzo de 2026.- El Gobierno de Sonora avanza en la implementaci\u00f3n del modelo de Escuela Agroecol\u00f3gica en el plantel San Ignacio R\u00edo Muerto del Colegio de Bachilleres del Estado de Sonora (Cobach), en el cual avanza su transformaci\u00f3n mediante un huerto escolar que involucra a estudiantes y docentes. La comunidad escolar [&hellip;]<\/p>\n","protected":false},"author":2,"featured_media":248667,"comment_status":"closed","ping_status":"closed","sticky":false,"template":"","format":"standard","meta":{"footnotes":""},"categories":[178],"tags":[12869],"class_list":["post-248666","post","type-post","status-publish","format-standard","has-post-thumbnail","hentry","category-local","tag-local"],"jetpack_featured_media_url":"https:\/\/rnoticias.com.mx\/Portal\/wp-content\/uploads\/2026\/03\/e.jpg","amp_enabled":true,"_links":{"self":[{"href":"https:\/\/rnoticias.com.mx\/Portal\/wp-json\/wp\/v2\/posts\/248666","targetHints":{"allow":["GET"]}}],"collection":[{"href":"https:\/\/rnoticias.com.mx\/Portal\/wp-json\/wp\/v2\/posts"}],"about":[{"href":"https:\/\/rnoticias.com.mx\/Portal\/wp-json\/wp\/v2\/types\/post"}],"author":[{"embeddable":true,"href":"https:\/\/rnoticias.com.mx\/Portal\/wp-json\/wp\/v2\/users\/2"}],"replies":[{"embeddable":true,"href":"https:\/\/rnoticias.com.mx\/Portal\/wp-json\/wp\/v2\/comments?post=248666"}],"version-history":[{"count":1,"href":"https:\/\/rnoticias.com.mx\/Portal\/wp-json\/wp\/v2\/posts\/248666\/revisions"}],"predecessor-version":[{"id":248668,"href":"https:\/\/rnoticias.com.mx\/Portal\/wp-json\/wp\/v2\/posts\/248666\/revisions\/248668"}],"wp:featuredmedia":[{"embeddable":true,"href":"https:\/\/rnoticias.com.mx\/Portal\/wp-json\/wp\/v2\/media\/248667"}],"wp:attachment":[{"href":"https:\/\/rnoticias.com.mx\/Portal\/wp-json\/wp\/v2\/media?parent=248666"}],"wp:term":[{"taxonomy":"category","embeddable":true,"href":"https:\/\/rnoticias.com.mx\/Portal\/wp-json\/wp\/v2\/categories?post=248666"},{"taxonomy":"post_tag","embeddable":true,"href":"https:\/\/rnoticias.com.mx\/Portal\/wp-json\/wp\/v2\/tags?post=248666"}],"curies":[{"name":"wp","href":"https:\/\/api.w.org\/{rel}","templated":true}]}}