{"id":248663,"date":"2026-03-11T20:40:14","date_gmt":"2026-03-12T03:40:14","guid":{"rendered":"https:\/\/rnoticias.com.mx\/Portal\/?p=248663"},"modified":"2026-03-11T20:40:14","modified_gmt":"2026-03-12T03:40:14","slug":"vocalista-de-reik-es-hospitalizado-de-emergencia","status":"publish","type":"post","link":"https:\/\/rnoticias.com.mx\/Portal\/2026\/03\/11\/vocalista-de-reik-es-hospitalizado-de-emergencia\/","title":{"rendered":"Vocalista de Reik es hospitalizado de emergencia"},"content":{"rendered":"<p>La industria del pop latino se mantiene atenta a la situaci\u00f3n de<strong>\u00a0Jes\u00fas Navarro, cantante principal de Reik,\u00a0<\/strong>luego de que el artista generara inquietud entre sus seguidores tras compartir im\u00e1genes desde un hospital. Lo que inicialmente<strong>\u00a0parec\u00eda una molestia en la garganta<\/strong>\u00a0termin\u00f3 generando diversas dudas entre los fan\u00e1ticos, quienes intentan entender qu\u00e9 ocurri\u00f3 realmente con el int\u00e9rprete.<\/p>\n<h2>Cancelaci\u00f3n inesperada de conciertos<\/h2>\n<p>La preocupaci\u00f3n comenz\u00f3 el pasado fin de semana cuando la agrupaci\u00f3n mexicana tuvo que cancelar de manera repentina sus presentaciones programadas\u00a0<strong>para el 7 y 8 de marzo en Washington, DC, en Estados Unidos.<\/strong>\u00a0En un primer momento, el equipo de la banda inform\u00f3 que el motivo se deb\u00eda a una\u00a0<strong>disfon\u00eda.<\/strong><\/p>\n<p>Sin embargo, la incertidumbre aument\u00f3 cuando el propio cantante comparti\u00f3 un mensaje desde una cama de hospital. En sus historias de Instagram, Navarro expres\u00f3:<\/p>\n<blockquote><p>\u201cSi hubiera estado en mis posibilidades hacer este show, aunque fuera gateando, lo hubiera hecho\u201d.<\/p><\/blockquote>\n<p>La situaci\u00f3n tom\u00f3 otro giro cuando el propio artista\u00a0<strong>public\u00f3 fotograf\u00edas de su estancia m\u00e9dica.<\/strong>\u00a0En las im\u00e1genes se le observa acostado en una cama,\u00a0<mark>rodeado de equipo m\u00e9dico y con electrodos colocados en la cabeza.<\/mark><\/p>\n<p>Estas fotograf\u00edas provocaron especulaciones entre los internautas, ya que las im\u00e1genes parec\u00edan corresponder a estudios m\u00e1s complejos que una revisi\u00f3n de la voz.<\/p>\n<p>En la misma publicaci\u00f3n, el m\u00fasico asegur\u00f3 que\u00a0<i><strong>\u201ctodo se ve m\u00e1s grave de lo que es\u201d,<\/strong><\/i>\u00a0buscando reducir la preocupaci\u00f3n que generaron las im\u00e1genes.<\/p>\n<p>Tras este episodio, se inform\u00f3 que Jes\u00fas Navarro\u00a0<strong>ya fue dado de alta del hospital\u00a0<\/strong>y continuar\u00e1 su proceso de recuperaci\u00f3n en casa. Mientras tanto, las actividades de Reik permanecer\u00e1n en pausa por el momento.<\/p>\n<p>De acuerdo con la informaci\u00f3n disponible, la intenci\u00f3n es que la agrupaci\u00f3n pueda retomar sus presentaciones en<strong>\u00a0mayo,<\/strong>\u00a0aunque tanto seguidores como personas cercanas a la industria musical permanecen atentos a la evoluci\u00f3n del estado de salud del cantante.<\/p>\n","protected":false},"excerpt":{"rendered":"<p>La industria del pop latino se mantiene atenta a la situaci\u00f3n de\u00a0Jes\u00fas Navarro, cantante principal de Reik,\u00a0luego de que el artista generara inquietud entre sus seguidores tras compartir im\u00e1genes desde un hospital. Lo que inicialmente\u00a0parec\u00eda una molestia en la garganta\u00a0termin\u00f3 generando diversas dudas entre los fan\u00e1ticos, quienes intentan entender qu\u00e9 ocurri\u00f3 realmente con el int\u00e9rprete. [&hellip;]<\/p>\n","protected":false},"author":2,"featured_media":248664,"comment_status":"closed","ping_status":"closed","sticky":false,"template":"","format":"standard","meta":{"footnotes":""},"categories":[219],"tags":[12875],"class_list":["post-248663","post","type-post","status-publish","format-standard","has-post-thumbnail","hentry","category-espectaculos","tag-espectaculos"],"jetpack_featured_media_url":"https:\/\/rnoticias.com.mx\/Portal\/wp-content\/uploads\/2026\/03\/descarga-3.webp","amp_enabled":true,"_links":{"self":[{"href":"https:\/\/rnoticias.com.mx\/Portal\/wp-json\/wp\/v2\/posts\/248663","targetHints":{"allow":["GET"]}}],"collection":[{"href":"https:\/\/rnoticias.com.mx\/Portal\/wp-json\/wp\/v2\/posts"}],"about":[{"href":"https:\/\/rnoticias.com.mx\/Portal\/wp-json\/wp\/v2\/types\/post"}],"author":[{"embeddable":true,"href":"https:\/\/rnoticias.com.mx\/Portal\/wp-json\/wp\/v2\/users\/2"}],"replies":[{"embeddable":true,"href":"https:\/\/rnoticias.com.mx\/Portal\/wp-json\/wp\/v2\/comments?post=248663"}],"version-history":[{"count":1,"href":"https:\/\/rnoticias.com.mx\/Portal\/wp-json\/wp\/v2\/posts\/248663\/revisions"}],"predecessor-version":[{"id":248665,"href":"https:\/\/rnoticias.com.mx\/Portal\/wp-json\/wp\/v2\/posts\/248663\/revisions\/248665"}],"wp:featuredmedia":[{"embeddable":true,"href":"https:\/\/rnoticias.com.mx\/Portal\/wp-json\/wp\/v2\/media\/248664"}],"wp:attachment":[{"href":"https:\/\/rnoticias.com.mx\/Portal\/wp-json\/wp\/v2\/media?parent=248663"}],"wp:term":[{"taxonomy":"category","embeddable":true,"href":"https:\/\/rnoticias.com.mx\/Portal\/wp-json\/wp\/v2\/categories?post=248663"},{"taxonomy":"post_tag","embeddable":true,"href":"https:\/\/rnoticias.com.mx\/Portal\/wp-json\/wp\/v2\/tags?post=248663"}],"curies":[{"name":"wp","href":"https:\/\/api.w.org\/{rel}","templated":true}]}}