{"id":248651,"date":"2026-03-11T20:30:04","date_gmt":"2026-03-12T03:30:04","guid":{"rendered":"https:\/\/rnoticias.com.mx\/Portal\/?p=248651"},"modified":"2026-03-11T20:30:04","modified_gmt":"2026-03-12T03:30:04","slug":"eu-liberara-172-millones-de-barriles-de-petroleo-de-su-reserva-estrategica","status":"publish","type":"post","link":"https:\/\/rnoticias.com.mx\/Portal\/2026\/03\/11\/eu-liberara-172-millones-de-barriles-de-petroleo-de-su-reserva-estrategica\/","title":{"rendered":"EU liberar\u00e1 172 millones de barriles de petr\u00f3leo de su reserva estrat\u00e9gica"},"content":{"rendered":"<p><mark><strong>El Gobierno de EU anunci\u00f3 este mi\u00e9rcoles que pondr\u00e1 en el mercado 172 millones de barriles de petr\u00f3leo provenientes de su Reserva Estrat\u00e9gica de Petr\u00f3leo<\/strong>, c<\/mark>on el objetivo de contener el alza de los precios del crudo en medio de las tensiones en\u00a0<strong>Medio Oriente\u00a0<\/strong>y la inestabilidad en el\u00a0<strong>estrecho de Ormuz<\/strong>, una de las rutas energ\u00e9ticas m\u00e1s importantes del mundo.<\/p>\n<p><strong>El secretario de Energ\u00eda<\/strong>, Chris Wright, explic\u00f3 que la medida fue autorizada por el presidente<strong>\u00a0Donald Trump<\/strong>\u00a0y comenzar\u00e1 a aplicarse a partir de la pr\u00f3xima semana. Seg\u00fan detall\u00f3 el funcionario en un comunicado,<mark>\u00a0la liberaci\u00f3n del\u00a0<strong>crudo\u00a0<\/strong>se realizar\u00e1 de forma progresiva y el proceso completo de entrega podr\u00eda extenderse durante aproximadamente<strong>\u00a0120 d\u00edas<\/strong>.<\/mark><\/p>\n<div id=\"teads_ad\"><\/div>\n<div class=\"div-pos-2\"><\/div>\n<h2>Cerca 400 millones de barriles<\/h2>\n<p>La decisi\u00f3n de Washington llega poco despu\u00e9s de que la<strong>\u00a0Agencia Internacional de la Energ\u00eda<\/strong>\u00a0anunciara una acci\u00f3n similar para estabilizar el mercado\u00a0<strong>energ\u00e9tico global<\/strong>.\u00a0<mark>El organismo acord\u00f3 liberar de manera gradual cerca de\u00a0<strong>400 millones\u00a0<\/strong>de barriles de petr\u00f3leo,<\/mark>\u00a0en un intento por compensar posibles interrupciones en el suministro derivadas del conflicto en la regi\u00f3n.<\/p>\n<p>El uso de estas reservas, aprobado por unanimidad por los\u00a0<strong>32 Estados miembros de la AIE<\/strong>, supone la mayor liberaci\u00f3n de\u00a0<strong>reservas\u00a0<\/strong>en la historia de la agencia, creada tras<strong>\u00a0la primera crisis petrolera<\/strong>\u00a0de 1973. El anterior fue en 2022, tras la invasi\u00f3n rusa de Ucrania.<\/p>\n<p>El secretario asegur\u00f3 que la decisi\u00f3n de\u00a0<strong>Trump\u00a0<\/strong>refleja &#8220;su compromiso con la promesa de proteger la\u00a0<strong>seguridad energ\u00e9tica<\/strong>&#8221; del pa\u00eds y de &#8220;gestionar de forma responsable la<strong>\u00a0Reserva Estrat\u00e9gica<\/strong>\u00a0de Petr\u00f3leo&#8221;.<\/p>\n<p><strong>Wright\u00a0<\/strong>carg\u00f3 contra la Administraci\u00f3n de\u00a0<strong>Joe Biden<\/strong>\u00a0por haber dejado &#8220;las\u00a0<strong>reservas\u00a0<\/strong>de petr\u00f3leo\u00a0<strong>agotadas\u00a0<\/strong>y\u00a0<strong>da\u00f1adas<\/strong>&#8221; y avanz\u00f3 que, en su contra, el Gobierno de\u00a0<strong>Trump\u00a0<\/strong>reemplazar\u00e1 las existencias con &#8220;aproximadamente<strong>\u00a0200 millones\u00a0<\/strong>de barriles durante el pr\u00f3ximo a\u00f1o, un<strong>\u00a020 %\u00a0<\/strong>m\u00e1s de barriles de los que se extraer\u00e1n&#8221;.<\/p>\n<h2>La crisis energ\u00e9tica<\/h2>\n<p>La guerra en Medio Oriente ha derivado en una<strong>\u00a0crisis energ\u00e9tica<\/strong>\u00a0por la escalada significativa del\u00a0<strong>precio del petr\u00f3leo<\/strong>\u00a0en los mercados internacionales ante la situaci\u00f3n en el\u00a0<strong>estrecho de Ormuz<\/strong>,\u00a0<mark>el enclave energ\u00e9tico estrat\u00e9gico controlado por Ir\u00e1n, por donde pasaba aproximadamente un\u00a0<strong>20 %<\/strong>\u00a0del petr\u00f3leo mundial y gran parte de minerales estrat\u00e9gicos.<\/mark><\/p>\n<p>&#8220;Durante 47 a\u00f1os,\u00a0<strong>Ir\u00e1n\u00a0<\/strong>y sus representantes terroristas han tenido la intenci\u00f3n de matar a estadounidenses. Han manipulado y amenazado la seguridad energ\u00e9tica de EU y sus aliados.<mark>\u00a0Bajo la presidencia de\u00a0<strong>Trump<\/strong>, esos d\u00edas est\u00e1n llegando a su fin&#8221;, apunt\u00f3 al respecto. &#8220;La seguridad energ\u00e9tica de EU es tan s\u00f3lida como siempre&#8221;.<\/mark><\/p>\n<p>Al t\u00e9rmino de la sesi\u00f3n, el petr\u00f3leo intermedio de Texas subi\u00f3 este mi\u00e9rcoles un<strong>\u00a04.55%,<\/strong>\u00a0hasta\u00a0<strong>87.25 d\u00f3lares el barril.<\/strong><\/p>\n","protected":false},"excerpt":{"rendered":"<p>El Gobierno de EU anunci\u00f3 este mi\u00e9rcoles que pondr\u00e1 en el mercado 172 millones de barriles de petr\u00f3leo provenientes de su Reserva Estrat\u00e9gica de Petr\u00f3leo, con el objetivo de contener el alza de los precios del crudo en medio de las tensiones en\u00a0Medio Oriente\u00a0y la inestabilidad en el\u00a0estrecho de Ormuz, una de las rutas energ\u00e9ticas [&hellip;]<\/p>\n","protected":false},"author":2,"featured_media":248652,"comment_status":"closed","ping_status":"closed","sticky":false,"template":"","format":"standard","meta":{"footnotes":""},"categories":[12870,182],"tags":[12865,12871],"class_list":["post-248651","post","type-post","status-publish","format-standard","has-post-thumbnail","hentry","category-destacadas","category-internacional","tag-destacadas","tag-internacional"],"jetpack_featured_media_url":"https:\/\/rnoticias.com.mx\/Portal\/wp-content\/uploads\/2026\/03\/17161D524C43476D14170F56504941731F161C1853444D761411-600x400-1.webp","amp_enabled":true,"_links":{"self":[{"href":"https:\/\/rnoticias.com.mx\/Portal\/wp-json\/wp\/v2\/posts\/248651","targetHints":{"allow":["GET"]}}],"collection":[{"href":"https:\/\/rnoticias.com.mx\/Portal\/wp-json\/wp\/v2\/posts"}],"about":[{"href":"https:\/\/rnoticias.com.mx\/Portal\/wp-json\/wp\/v2\/types\/post"}],"author":[{"embeddable":true,"href":"https:\/\/rnoticias.com.mx\/Portal\/wp-json\/wp\/v2\/users\/2"}],"replies":[{"embeddable":true,"href":"https:\/\/rnoticias.com.mx\/Portal\/wp-json\/wp\/v2\/comments?post=248651"}],"version-history":[{"count":1,"href":"https:\/\/rnoticias.com.mx\/Portal\/wp-json\/wp\/v2\/posts\/248651\/revisions"}],"predecessor-version":[{"id":248653,"href":"https:\/\/rnoticias.com.mx\/Portal\/wp-json\/wp\/v2\/posts\/248651\/revisions\/248653"}],"wp:featuredmedia":[{"embeddable":true,"href":"https:\/\/rnoticias.com.mx\/Portal\/wp-json\/wp\/v2\/media\/248652"}],"wp:attachment":[{"href":"https:\/\/rnoticias.com.mx\/Portal\/wp-json\/wp\/v2\/media?parent=248651"}],"wp:term":[{"taxonomy":"category","embeddable":true,"href":"https:\/\/rnoticias.com.mx\/Portal\/wp-json\/wp\/v2\/categories?post=248651"},{"taxonomy":"post_tag","embeddable":true,"href":"https:\/\/rnoticias.com.mx\/Portal\/wp-json\/wp\/v2\/tags?post=248651"}],"curies":[{"name":"wp","href":"https:\/\/api.w.org\/{rel}","templated":true}]}}