{"id":248642,"date":"2026-03-11T20:23:17","date_gmt":"2026-03-12T03:23:17","guid":{"rendered":"https:\/\/rnoticias.com.mx\/Portal\/?p=248642"},"modified":"2026-03-11T20:23:17","modified_gmt":"2026-03-12T03:23:17","slug":"claudia-sheinbaum-descarta-por-ahora-una-demanda-en-contra-elon-musk","status":"publish","type":"post","link":"https:\/\/rnoticias.com.mx\/Portal\/2026\/03\/11\/claudia-sheinbaum-descarta-por-ahora-una-demanda-en-contra-elon-musk\/","title":{"rendered":"Claudia Sheinbaum descarta por ahora una demanda en contra Elon Musk"},"content":{"rendered":"<p>Este mi\u00e9rcoles, la Presidenta de M\u00e9xico, Claudia Sheinbaum Pardo, inform\u00f3 su decisi\u00f3n de no presentar una demanda en contra de Elon Musk en este momento; sin embargo, dej\u00f3 abierta la posibilidad de hacerlo en un futuro si contin\u00faan los ataques en redes sociales.<\/p>\n<p><mark><strong>\u201cTomamos la decisi\u00f3n o tom\u00e9 la decisi\u00f3n, m\u00e1s bien, de finalmente no denunciar, no presentar la demanda civil, en este caso. Ya vemos, si sigue, pues lo revaluaremos\u201d<\/strong><\/mark>, dijo la Mandataria durante su conferencia de prensa matutina.<\/p>\n<p>&nbsp;<\/p>\n<h2>\u00bfQu\u00e9 pas\u00f3 entre Sheinbaum y Elon Musk?<\/h2>\n<p>A finales de febrero, Sheinbaum hab\u00eda se\u00f1alado que analizaba posibles acciones legales contra Musk, due\u00f1o de la red social X, quien\u00a0<strong>la acus\u00f3 de actuar bajo \u00f3rdenes del crimen organizado<\/strong>\u00a0d\u00edas despu\u00e9s de la muerte de Nemesio Oseguera Cervantes, alias \u201cEl Mencho\u201d, en un operativo militar en Jalisco.<\/p>\n<div class=\" b2\"><\/div>\n<h2>Sheinbaum pide abrir debate en M\u00e9xico sobre redes sociales<\/h2>\n<p>Tras descartar medidas legales, la Mandataria explic\u00f3 que el caso abre un debate m\u00e1s amplio sobre los l\u00edmites entre la libertad de expresi\u00f3n y las agresiones en plataformas digitales, as\u00ed como sobre el papel de las grandes empresas tecnol\u00f3gicas en la comunicaci\u00f3n p\u00fablica.<\/p>\n<p><strong>\u201cEs una gran discusi\u00f3n porque es hasta d\u00f3nde llega la libertad de expresi\u00f3n y hasta d\u00f3nde puede agredirse a una persona\u201d<\/strong>, sostuvo.<\/p>\n<p>Sheinbaum se\u00f1al\u00f3 que este tipo de discusiones se han vuelto cada vez m\u00e1s relevantes debido al peso global de las redes sociales, que operan m\u00e1s all\u00e1 de las jurisdicciones nacionales.<\/p>\n<p><mark><strong>\u201cLas plataformas finalmente son entidades nacionales que pasan incluso sobre lo nacional. Son plataformas internacionales. Pero es un muy buen debate y yo pienso que es indispensable que se d\u00e9 en nuestro pa\u00eds\u201d<\/strong><\/mark>, a\u00f1adi\u00f3.<\/p>\n<p>La Mandataria tambi\u00e9n consider\u00f3 necesario discutir en M\u00e9xico el impacto del uso intensivo de redes sociales en menores de edad, un tema que, dijo, ya se analiza en otros pa\u00edses.<\/p>\n<p>\u201cCreo que es indispensable que se d\u00e9, por ejemplo, el debate de qu\u00e9 tanto las ni\u00f1as y los ni\u00f1os deben tener tanto acceso a las redes\u201d, afirm\u00f3.<\/p>\n<p><mark><strong>Aclar\u00f3, no obstante, que no propone restricciones inmediatas, sino una discusi\u00f3n p\u00fablica m\u00e1s amplia sobre los efectos del uso prolongado de plataformas digitales.<\/strong><\/mark><\/p>\n<p>\u201cYo no estoy diciendo que lo sancionemos, que lo limitemos, no. Se ha demostrado que el uso de much\u00edsimas horas de las plataformas tambi\u00e9n genera problemas de ansiedad en los ni\u00f1os y las ni\u00f1as\u201d, indic\u00f3.<\/p>\n<p>Esta semana, el secretario de Educaci\u00f3n P\u00fablica, Mario Delgado, se\u00f1al\u00f3 en una entrevista con EFE que existe cada vez m\u00e1s evidencia internacional de que el uso intensivo de tecnolog\u00edas puede afectar el comportamiento de los estudiantes y advirti\u00f3 que el pa\u00eds no puede \u201cquedarse cruzado de brazos\u201d ante ese fen\u00f3meno.<\/p>\n<p>Seg\u00fan explic\u00f3, al menos 79 pa\u00edses ya han adoptado alguna medida para regular el uso de dispositivos en entornos educativos, mientras que organismos como la Unesco recomiendan prohibir los tel\u00e9fonos m\u00f3viles en las aulas para evitar distracciones y mejorar el aprendizaje.<\/p>\n","protected":false},"excerpt":{"rendered":"<p>Este mi\u00e9rcoles, la Presidenta de M\u00e9xico, Claudia Sheinbaum Pardo, inform\u00f3 su decisi\u00f3n de no presentar una demanda en contra de Elon Musk en este momento; sin embargo, dej\u00f3 abierta la posibilidad de hacerlo en un futuro si contin\u00faan los ataques en redes sociales. \u201cTomamos la decisi\u00f3n o tom\u00e9 la decisi\u00f3n, m\u00e1s bien, de finalmente no [&hellip;]<\/p>\n","protected":false},"author":2,"featured_media":248643,"comment_status":"closed","ping_status":"closed","sticky":false,"template":"","format":"standard","meta":{"footnotes":""},"categories":[12870,172],"tags":[12865,12874],"class_list":["post-248642","post","type-post","status-publish","format-standard","has-post-thumbnail","hentry","category-destacadas","category-nacional","tag-destacadas","tag-nacional"],"jetpack_featured_media_url":"https:\/\/rnoticias.com.mx\/Portal\/wp-content\/uploads\/2026\/03\/Musk-y-Sheinbaum.jpeg","amp_enabled":true,"_links":{"self":[{"href":"https:\/\/rnoticias.com.mx\/Portal\/wp-json\/wp\/v2\/posts\/248642","targetHints":{"allow":["GET"]}}],"collection":[{"href":"https:\/\/rnoticias.com.mx\/Portal\/wp-json\/wp\/v2\/posts"}],"about":[{"href":"https:\/\/rnoticias.com.mx\/Portal\/wp-json\/wp\/v2\/types\/post"}],"author":[{"embeddable":true,"href":"https:\/\/rnoticias.com.mx\/Portal\/wp-json\/wp\/v2\/users\/2"}],"replies":[{"embeddable":true,"href":"https:\/\/rnoticias.com.mx\/Portal\/wp-json\/wp\/v2\/comments?post=248642"}],"version-history":[{"count":1,"href":"https:\/\/rnoticias.com.mx\/Portal\/wp-json\/wp\/v2\/posts\/248642\/revisions"}],"predecessor-version":[{"id":248644,"href":"https:\/\/rnoticias.com.mx\/Portal\/wp-json\/wp\/v2\/posts\/248642\/revisions\/248644"}],"wp:featuredmedia":[{"embeddable":true,"href":"https:\/\/rnoticias.com.mx\/Portal\/wp-json\/wp\/v2\/media\/248643"}],"wp:attachment":[{"href":"https:\/\/rnoticias.com.mx\/Portal\/wp-json\/wp\/v2\/media?parent=248642"}],"wp:term":[{"taxonomy":"category","embeddable":true,"href":"https:\/\/rnoticias.com.mx\/Portal\/wp-json\/wp\/v2\/categories?post=248642"},{"taxonomy":"post_tag","embeddable":true,"href":"https:\/\/rnoticias.com.mx\/Portal\/wp-json\/wp\/v2\/tags?post=248642"}],"curies":[{"name":"wp","href":"https:\/\/api.w.org\/{rel}","templated":true}]}}