{"id":248639,"date":"2026-03-11T20:21:30","date_gmt":"2026-03-12T03:21:30","guid":{"rendered":"https:\/\/rnoticias.com.mx\/Portal\/?p=248639"},"modified":"2026-03-11T20:21:30","modified_gmt":"2026-03-12T03:21:30","slug":"ricardo-arjona-anuncia-concierto-en-el-estadio-banorte","status":"publish","type":"post","link":"https:\/\/rnoticias.com.mx\/Portal\/2026\/03\/11\/ricardo-arjona-anuncia-concierto-en-el-estadio-banorte\/","title":{"rendered":"Ricardo Arjona anuncia concierto en el Estadio Banorte"},"content":{"rendered":"<p>El cantautor guatemalteco<mark>\u00a0<strong>Ricardo Arjona\u00a0<\/strong>volver\u00e1 a los escenarios mexicanos con\u00a0<strong>un concierto<\/strong>\u00a0que promete ser hist\u00f3rico, ya que\u00a0<strong>ser\u00e1 el primer artista<\/strong>\u00a0en presentarse en el\u00a0<strong>renovado Estadio Banorte<\/strong><\/mark>, recinto que durante d\u00e9cadas fue conocido como el\u00a0<strong>Estadio Azteca<\/strong>, uno de los estadios m\u00e1s emblem\u00e1ticos de Am\u00e9rica Latina.<\/p>\n<p>El anuncio fue dado a conocer este mi\u00e9rcoles a trav\u00e9s de un video publicado en las redes sociales del cantante, que en pocos minutos super\u00f3 los\u00a0<strong>15 mil\u00a0<\/strong>\u201cMe gusta\u201d. \u201c<strong>La gira<\/strong> ya cuenta su historia, vuelve a los lugares, abraza a los amigos. M\u00e9xico, por las canciones que nacieron aqu\u00ed, la cita ya tiene fecha y un lugar emblem\u00e1tico para hacer historia\u201d, se lee en el mensaje que acompa\u00f1a la publicaci\u00f3n.<\/p>\n<p>&nbsp;<\/p>\n<h2>El nuevo Estadio Azteca<\/h2>\n<p>El espect\u00e1culo marcar\u00e1 adem\u00e1s una nueva etapa para el\u00a0<strong>estadio capitalino,<\/strong>\u00a0que permaneci\u00f3 cerrado durante varios meses debido a un proceso de remodelaci\u00f3n y modernizaci\u00f3n previo a la\u00a0<strong>Copa Mundial de la FIFA 2026.\u00a0<\/strong><\/p>\n<p>El recinto, inaugurado en\u00a0<strong>1966<\/strong>\u00a0y con capacidad para m\u00e1s de\u00a0<strong>80 mil espectadores<\/strong>, es uno de los pocos estadios del mundo que\u00a0<mark>ha albergado dos finales de la Copa del Mundo, en Copa Mundial de la\u00a0<strong>FIFA 1970<\/strong>\u00a0y Copa Mundial de la<strong>\u00a0FIFA 1986<\/strong>, y se prepara para ser nuevamente escenario del torneo internacional.<\/mark><\/p>\n<p>Antes de su cierre temporal para la remodelaci\u00f3n,\u00a0<strong>la \u00faltima artista<\/strong>\u00a0en presentarse en el estadio fue\u00a0<strong>Karol G<\/strong>, quien en 2024 llev\u00f3 su gira<strong>\u00a0Ma\u00f1ana Ser\u00e1 Bonito Tour\u00a0<\/strong>a la cancha del recinto, logrando una de las presentaciones m\u00e1s multitudinarias de su carrera en M\u00e9xico.<\/p>\n<p>El concierto de\u00a0<strong>Arjona\u00a0<\/strong>est\u00e1 programado para el\u00a0<strong>20 de diciembre de 2026<\/strong>\u00a0y formar\u00e1 parte de su gira Lo que el seco no dijo, un tour con el que el artista ha recorrido diversos escenarios internacionales y que retoma algunos de los temas m\u00e1s representativos de su carrera.<\/p>\n<p>Con m\u00e1s de<strong>\u00a0tres d\u00e9cadas\u00a0<\/strong>en la m\u00fasica,\u00a0<strong>Arjona\u00a0<\/strong>es uno de los cantautores m\u00e1s influyentes del pop latino. A lo largo de su trayectoria ha vendido\u00a0<strong>millones de discos<\/strong>\u00a0y ha firmado \u00e9xitos como\u00a0<strong>Historia de un taxi<\/strong>,\u00a0<strong>Mujeres<\/strong>,\u00a0<strong>Se\u00f1ora de las cuatro d\u00e9cadas<\/strong>\u00a0y<strong>\u00a0Fuiste t\u00fa<\/strong>, canciones que lo han consolidado como una de las figuras m\u00e1s queridas por el p\u00fablico en M\u00e9xico y Am\u00e9rica Latina.<\/p>\n<p>Los boletos para el concierto estar\u00e1n disponibles a trav\u00e9s de la plataforma\u00a0<a href=\"https:\/\/www.ticketmaster.com.mx\/ricardo-arjona-boletos\/artist\/759981\" target=\"_blank\" rel=\"noopener\"><strong>Ticketmaster\u00a0<\/strong><\/a>y la venta general comenzar\u00e1 el martes\u00a0<strong>17 de marzo<\/strong>\u00a0a las 11:00 horas. Hasta ahora, los organizadores no han confirmado si habr\u00e1 preventas exclusivas ni se han dado a conocer los precios de las entradas, aunque se espera una alta demanda por tratarse de la reapertura musical del hist\u00f3rico estadio.<\/p>\n","protected":false},"excerpt":{"rendered":"<p>El cantautor guatemalteco\u00a0Ricardo Arjona\u00a0volver\u00e1 a los escenarios mexicanos con\u00a0un concierto\u00a0que promete ser hist\u00f3rico, ya que\u00a0ser\u00e1 el primer artista\u00a0en presentarse en el\u00a0renovado Estadio Banorte, recinto que durante d\u00e9cadas fue conocido como el\u00a0Estadio Azteca, uno de los estadios m\u00e1s emblem\u00e1ticos de Am\u00e9rica Latina. El anuncio fue dado a conocer este mi\u00e9rcoles a trav\u00e9s de un video publicado [&hellip;]<\/p>\n","protected":false},"author":2,"featured_media":248640,"comment_status":"closed","ping_status":"closed","sticky":false,"template":"","format":"standard","meta":{"footnotes":""},"categories":[12870,219],"tags":[12865,12875],"class_list":["post-248639","post","type-post","status-publish","format-standard","has-post-thumbnail","hentry","category-destacadas","category-espectaculos","tag-destacadas","tag-espectaculos"],"jetpack_featured_media_url":"https:\/\/rnoticias.com.mx\/Portal\/wp-content\/uploads\/2026\/03\/ricardo-arjona-mexico-2026-concierto-estadio-banorte-azteca-cdmx-boletos-y-precios.jpg","amp_enabled":true,"_links":{"self":[{"href":"https:\/\/rnoticias.com.mx\/Portal\/wp-json\/wp\/v2\/posts\/248639","targetHints":{"allow":["GET"]}}],"collection":[{"href":"https:\/\/rnoticias.com.mx\/Portal\/wp-json\/wp\/v2\/posts"}],"about":[{"href":"https:\/\/rnoticias.com.mx\/Portal\/wp-json\/wp\/v2\/types\/post"}],"author":[{"embeddable":true,"href":"https:\/\/rnoticias.com.mx\/Portal\/wp-json\/wp\/v2\/users\/2"}],"replies":[{"embeddable":true,"href":"https:\/\/rnoticias.com.mx\/Portal\/wp-json\/wp\/v2\/comments?post=248639"}],"version-history":[{"count":1,"href":"https:\/\/rnoticias.com.mx\/Portal\/wp-json\/wp\/v2\/posts\/248639\/revisions"}],"predecessor-version":[{"id":248641,"href":"https:\/\/rnoticias.com.mx\/Portal\/wp-json\/wp\/v2\/posts\/248639\/revisions\/248641"}],"wp:featuredmedia":[{"embeddable":true,"href":"https:\/\/rnoticias.com.mx\/Portal\/wp-json\/wp\/v2\/media\/248640"}],"wp:attachment":[{"href":"https:\/\/rnoticias.com.mx\/Portal\/wp-json\/wp\/v2\/media?parent=248639"}],"wp:term":[{"taxonomy":"category","embeddable":true,"href":"https:\/\/rnoticias.com.mx\/Portal\/wp-json\/wp\/v2\/categories?post=248639"},{"taxonomy":"post_tag","embeddable":true,"href":"https:\/\/rnoticias.com.mx\/Portal\/wp-json\/wp\/v2\/tags?post=248639"}],"curies":[{"name":"wp","href":"https:\/\/api.w.org\/{rel}","templated":true}]}}