{"id":248626,"date":"2026-03-11T19:56:35","date_gmt":"2026-03-12T02:56:35","guid":{"rendered":"https:\/\/rnoticias.com.mx\/Portal\/?p=248626"},"modified":"2026-03-11T19:56:35","modified_gmt":"2026-03-12T02:56:35","slug":"gobernador-durazo-coloca-a-sonora-en-el-top-3-nacional-de-empleo-formal","status":"publish","type":"post","link":"https:\/\/rnoticias.com.mx\/Portal\/2026\/03\/11\/gobernador-durazo-coloca-a-sonora-en-el-top-3-nacional-de-empleo-formal\/","title":{"rendered":"Gobernador Durazo coloca a Sonora en el top 3 nacional de empleo formal"},"content":{"rendered":"<p>Hermosillo, Sonora; 11 de marzo de 2026.- La intensa promoci\u00f3n econ\u00f3mica y acciones firmes en la atracci\u00f3n de inversi\u00f3n que ha encabezado desde el inicio de su administraci\u00f3n el gobernador Alfonso Durazo Monta\u00f1o, ha permitido que Sonora se coloque en el tercer puesto a nivel nacional con mayor crecimiento de empleo, con base en el acumulado de enero y febrero del presente a\u00f1o que proporciona el Instituto Mexicano del Seguro Social (IMSS), a la par de Ciudad de M\u00e9xico y Nuevo Le\u00f3n.<\/p>\n<p>El mandatario estatal destac\u00f3 que Sonora logr\u00f3 un crecimiento de empleo formal con 22 mil 375 empleos formales, en tanto que Ciudad de M\u00e9xico registr\u00f3 29 mil 244, y Nuevo Le\u00f3n 28 mil 450.<\/p>\n<p>\u201cLa generaci\u00f3n de empleo formal contribuye a fortalecer la estabilidad laboral de las y los trabajadores, al garantizar acceso a la seguridad social y mejores condiciones laborales\u201d, indic\u00f3 el gobernador Durazo Monta\u00f1o.<\/p>\n<p>En el transcurso del a\u00f1o el Gobierno de Sonora, a trav\u00e9s de la Secretar\u00eda del Trabajo y el Servicio Nacional del Empleo, celebra ferias y jornadas de reclutamiento para puestos laborales en diferentes municipios, con el objetivo de brindar m\u00faltiples oportunidades de trabajos formales con salarios dignos en empresas l\u00edderes en la entidad.<\/p>\n<p>Estos resultados son el reflejo de las acciones que diariamente impulsa el gobernador Alfonso Durazo para promover las potencialidades de Sonora, lo que promueve el establecimiento de nuevas industrias, las cuales a su vez generan empleos en beneficio de la ciudadan\u00eda.<\/p>\n","protected":false},"excerpt":{"rendered":"<p>Hermosillo, Sonora; 11 de marzo de 2026.- La intensa promoci\u00f3n econ\u00f3mica y acciones firmes en la atracci\u00f3n de inversi\u00f3n que ha encabezado desde el inicio de su administraci\u00f3n el gobernador Alfonso Durazo Monta\u00f1o, ha permitido que Sonora se coloque en el tercer puesto a nivel nacional con mayor crecimiento de empleo, con base en el [&hellip;]<\/p>\n","protected":false},"author":2,"featured_media":248627,"comment_status":"closed","ping_status":"closed","sticky":false,"template":"","format":"standard","meta":{"footnotes":""},"categories":[12870,178],"tags":[12865,12869],"class_list":["post-248626","post","type-post","status-publish","format-standard","has-post-thumbnail","hentry","category-destacadas","category-local","tag-destacadas","tag-local"],"jetpack_featured_media_url":"https:\/\/rnoticias.com.mx\/Portal\/wp-content\/uploads\/2026\/03\/unnamed-32.jpg","amp_enabled":true,"_links":{"self":[{"href":"https:\/\/rnoticias.com.mx\/Portal\/wp-json\/wp\/v2\/posts\/248626","targetHints":{"allow":["GET"]}}],"collection":[{"href":"https:\/\/rnoticias.com.mx\/Portal\/wp-json\/wp\/v2\/posts"}],"about":[{"href":"https:\/\/rnoticias.com.mx\/Portal\/wp-json\/wp\/v2\/types\/post"}],"author":[{"embeddable":true,"href":"https:\/\/rnoticias.com.mx\/Portal\/wp-json\/wp\/v2\/users\/2"}],"replies":[{"embeddable":true,"href":"https:\/\/rnoticias.com.mx\/Portal\/wp-json\/wp\/v2\/comments?post=248626"}],"version-history":[{"count":2,"href":"https:\/\/rnoticias.com.mx\/Portal\/wp-json\/wp\/v2\/posts\/248626\/revisions"}],"predecessor-version":[{"id":248629,"href":"https:\/\/rnoticias.com.mx\/Portal\/wp-json\/wp\/v2\/posts\/248626\/revisions\/248629"}],"wp:featuredmedia":[{"embeddable":true,"href":"https:\/\/rnoticias.com.mx\/Portal\/wp-json\/wp\/v2\/media\/248627"}],"wp:attachment":[{"href":"https:\/\/rnoticias.com.mx\/Portal\/wp-json\/wp\/v2\/media?parent=248626"}],"wp:term":[{"taxonomy":"category","embeddable":true,"href":"https:\/\/rnoticias.com.mx\/Portal\/wp-json\/wp\/v2\/categories?post=248626"},{"taxonomy":"post_tag","embeddable":true,"href":"https:\/\/rnoticias.com.mx\/Portal\/wp-json\/wp\/v2\/tags?post=248626"}],"curies":[{"name":"wp","href":"https:\/\/api.w.org\/{rel}","templated":true}]}}