{"id":248622,"date":"2026-03-11T18:33:56","date_gmt":"2026-03-12T01:33:56","guid":{"rendered":"https:\/\/rnoticias.com.mx\/Portal\/?p=248622"},"modified":"2026-03-11T18:33:56","modified_gmt":"2026-03-12T01:33:56","slug":"investigacion-de-fgr-apunta-a-posible-sucesor-de-el-mencho","status":"publish","type":"post","link":"https:\/\/rnoticias.com.mx\/Portal\/2026\/03\/11\/investigacion-de-fgr-apunta-a-posible-sucesor-de-el-mencho\/","title":{"rendered":"Investigaci\u00f3n de FGR apunta a posible sucesor de &#8220;El Mencho&#8221;"},"content":{"rendered":"<p>Nemesio Rub\u00e9n Oseguera Cervantes, alias &#8220;El Mencho&#8221;, l\u00edder del C\u00e1rtel Nueva Generaci\u00f3n (CNG), era investigado desde hace mucho tiempo por autoridades mexicanas y eso incluye las presuntas n\u00f3minas que se encontraron despu\u00e9s de su ca\u00edda y a su supuesto sucesor. Estos son los detalles:<\/p>\n<p><mark><strong>La Fiscal\u00eda General de la Rep\u00fablica (FGR) investigaba desde noviembre de 2025 las presuntas n\u00f3minas de &#8220;El Se\u00f1or de los Gallos&#8221; o &#8220;El M Grande&#8221;<\/strong><\/mark>, como tambi\u00e9n se le conoc\u00eda a Oseguera Cervantes, quien fue abatido el pasado 22 de febrero en Tapalpa, Jalisco.<\/p>\n<p>Seg\u00fan la orden de aprehensi\u00f3n contra \u201cEl Mencho\u201d,<strong>\u00a0<\/strong><mark><strong>la Fiscal\u00eda sab\u00eda que el exl\u00edder y fundador del CNG hab\u00eda comprado a autoridades municipales, estatales, federales e incluso a funcionarios de la FGR<\/strong><\/mark>.<\/p>\n<p><strong>\u201cSus miembros han logrado corromper autoridades de nivel municipal, estatal y federal, inclusive a personal de la propia Fiscal\u00eda General de la Rep\u00fablica, lo que denota la necesidad de que sea esta autoridad adscrita al Centro Federal de M\u00e1xima Seguridad del pa\u00eds\u201d<\/strong>.<\/p>\n<p>&#8220;Y, por ende, fuera de ese \u00e1mbito territorial de poder del grupo criminal, quien se encargue del asunto a fin de asegurar su debida marcha lejos de esas influencias (\u2026) para que sean internados en El Altiplano&#8221;, subraya el expediente.<\/p>\n<h2>\u201cEl Mencho\u201d y el atentado contra Garc\u00eda Harfuch<\/h2>\n<p><mark><strong>Tambi\u00e9n se le atribuye haber ordenado, el 26 de junio de 2020, la ejecuci\u00f3n del entonces secretario de Seguridad Ciudadana de la Ciudad de M\u00e9xico, Omar Garc\u00eda Harfuch<\/strong><\/mark>.<\/p>\n<p>Derivado de la carpeta de investigaci\u00f3n FED\/FEMDO\/FEITATA-JAL\/0001023\/2024 y de acuerdo con el oficio FGR\/FEMDO\/FEITATA\/9858\/2025, la orden de aprehensi\u00f3n que se gir\u00f3 el 2 de noviembre de 2025 contra\u00a0<mark><strong>&#8220;El Mencho&#8221; y Hugo Gonzalo Mendoza Gayt\u00e1n, alias &#8220;El Sapo&#8221;, &#8220;El 90&#8221; o &#8220;El Sagrado Hombre&#8221; y quien se considera su posible sucesor<\/strong><\/mark><strong>, los se\u00f1ala por delincuencia organizada con la finalidad de llevar a cabo la comisi\u00f3n del delito de acopio y tr\u00e1fico de armas y en materia de trata de personas<\/strong>.<\/p>\n<p><mark><strong>En el Rancho Izaguirre, en Teuchitl\u00e1n, Jalisco, \u201cEl Mencho\u201d ten\u00eda un campo de adiestramiento con armas largas y drones artillados<\/strong><\/mark>.<\/p>\n<p><strong>El documento hace menci\u00f3n de que, bajo una estructura piramidal, Oseguera Cervantes, al frente de la organizaci\u00f3n, ten\u00eda bajo su mando al menos a<\/strong><mark><strong>tres comandantes identificados como &#8220;El Sapo&#8221;, &#8220;El Guty&#8221; o &#8220;El Se\u00f1or de las Tacomas&#8221;<\/strong><\/mark><strong>, en alusi\u00f3n a las camionetas de lujo, quien est\u00e1 detenido, y &#8220;El Jardinero&#8221;<\/strong>.<\/p>\n<p><strong>A esas personas se les asign\u00f3 territorio en el pa\u00eds con la finalidad de llevar a cabo la venta de narc\u00f3ticos y la recolecci\u00f3n de las ganancias de esta actividad<\/strong>.<\/p>\n<p><strong>&#8220;Con el objeto de financiar la compra de armas de fuego, pago de n\u00f3minas de los integrantes del c\u00e1rtel, as\u00ed como la distribuci\u00f3n de dinero para la guerra, refiri\u00e9ndose a los enfrentamientos entre los grupos de choque o Deltas, brazo armado del CNG, con otros grupos delictivos y en contra de las Fuerzas Armadas del pa\u00eds&#8221;<\/strong>, detalla la orden de aprehensi\u00f3n.<\/p>\n<h2>Sobre el reclutamiento y entrenamiento del c\u00e1rtel<\/h2>\n<p><mark><strong>Tambi\u00e9n ordenaba los atentados en contra de autoridades, instituciones y personas para demostrar presencia y el poder\u00edo de su organizaci\u00f3n<\/strong><\/mark>.<\/p>\n<p>La FGR argument\u00f3 al juez de Distrito Especializado en el Sistema Penal Acusatorio en el Estado de M\u00e9xico, adscrito al Centro de Justicia Penal Federal con residencia en Almoloya de Ju\u00e1rez, El Altiplano, que\u00a0<mark><strong>&#8220;El Mencho&#8221; contaba con una fuerte influencia en Jalisco<\/strong><\/mark>.<\/p>\n<p><strong>Adem\u00e1s, la FGR solicit\u00f3 la orden de aprehensi\u00f3n al juzgador, exponiendo una relaci\u00f3n de los hechos atribuidos a &#8220;El Mencho&#8221; y &#8220;El Sapo&#8221;<\/strong>, refiriendo que preced\u00eda una denuncia o querella en virtud de que la carpeta de investigaci\u00f3n inici\u00f3 el 30 de diciembre de 2024.<\/p>\n<p>Esto con motivo de la denuncia an\u00f3nima contra<strong>\u00a0Jos\u00e9 Gregorio Lastra Hermida, &#8220;Lastra&#8221;, actualmente detenido, a quien se se\u00f1ala como reclutador de sicarios para el CNG y que trabajaba para\u00a0<\/strong><mark><strong>&#8220;El Sapo&#8221;, quien era responsable de un campo de adiestramiento en Jalisco<\/strong><\/mark>.<\/p>\n<p><strong>&#8220;Cuenta con muchas armas largas de todo tipo y ense\u00f1an a disparar cuernos, ametralladoras, Barret, granadas, manejar drones con explosivos y en general todo lo que se usa para el combate&#8221;<\/strong>, refiere el expediente.<\/p>\n<p>En tanto,\u00a0<strong>de las declaraciones de los testigos identificados como &#8220;El Elegante&#8221; y &#8220;Piscis&#8221; se desprende que el CNG realiza de manera reiterada, en similares condiciones, reclutamiento y entrenamiento<\/strong>.<\/p>\n<p><mark><strong>As\u00ed como el despliegue de nuevos integrantes, quienes, bajo ofertas laborales falsas, enga\u00f1os o por voluntad propia eran trasladados a distintos campamentos conocidos como La Escuelita, Rancho Izaguirre y Casa Tortuga, lugares donde recib\u00edan adiestramiento en el arme y desarme de armas largas y cortas, ense\u00f1anza militar y situaciones b\u00e1sicas<\/strong><\/mark>.<\/p>\n<p><mark><strong>Las personas ten\u00edan que aprender para graduarse de La Escuelita y posteriormente eran seleccionadas y enviadas con &#8220;El 90&#8221;, encargado de decidir qui\u00e9n trabajar\u00eda para la organizaci\u00f3n<\/strong><\/mark>.<\/p>\n<p><strong>\u201cEn los campamentos (\u2026) la organizaci\u00f3n manten\u00eda bajo su resguardo un considerable n\u00famero de armas largas, cortas, ametralladoras, granadas, drones adaptados para portar explosivos, chalecos bal\u00edsticos y equipo t\u00e1ctico militar e inclusive pertrechos militares\u201d<\/strong>.<\/p>\n<p>&#8220;Todo ello sin el permiso correspondiente o pertenecer a las Fuerzas Armadas (\u2026) los testigos refieren que estos artefactos eran utilizados en el entrenamiento de nuevos integrantes y para la protecci\u00f3n de los l\u00edderes&#8221;, sostiene el documento.<\/p>\n<p><mark><strong>La organizaci\u00f3n delictiva cuenta con presencia en Colima, Guanajuato, Zacatecas, Aguascalientes, Michoac\u00e1n, Jalisco y Ciudad de M\u00e9xico<\/strong><\/mark>.<\/p>\n<p><mark><strong>Las investigaciones consideran que &#8220;El Mencho&#8221; era l\u00edder y fundador del conglomerado criminal y &#8220;El Sapo&#8221; su sucesor en el mando<\/strong><\/mark>, &#8220;pues les dan instrucciones a sus subordinados y otras personas, hasta ahora no identificadas, respecto de actividades posiblemente il\u00edcitas&#8221;.<\/p>\n","protected":false},"excerpt":{"rendered":"<p>Nemesio Rub\u00e9n Oseguera Cervantes, alias &#8220;El Mencho&#8221;, l\u00edder del C\u00e1rtel Nueva Generaci\u00f3n (CNG), era investigado desde hace mucho tiempo por autoridades mexicanas y eso incluye las presuntas n\u00f3minas que se encontraron despu\u00e9s de su ca\u00edda y a su supuesto sucesor. Estos son los detalles: La Fiscal\u00eda General de la Rep\u00fablica (FGR) investigaba desde noviembre de [&hellip;]<\/p>\n","protected":false},"author":2,"featured_media":248623,"comment_status":"closed","ping_status":"closed","sticky":false,"template":"","format":"standard","meta":{"footnotes":""},"categories":[12870,172],"tags":[12865,12874],"class_list":["post-248622","post","type-post","status-publish","format-standard","has-post-thumbnail","hentry","category-destacadas","category-nacional","tag-destacadas","tag-nacional"],"jetpack_featured_media_url":"https:\/\/rnoticias.com.mx\/Portal\/wp-content\/uploads\/2026\/03\/329r.jpg","amp_enabled":true,"_links":{"self":[{"href":"https:\/\/rnoticias.com.mx\/Portal\/wp-json\/wp\/v2\/posts\/248622","targetHints":{"allow":["GET"]}}],"collection":[{"href":"https:\/\/rnoticias.com.mx\/Portal\/wp-json\/wp\/v2\/posts"}],"about":[{"href":"https:\/\/rnoticias.com.mx\/Portal\/wp-json\/wp\/v2\/types\/post"}],"author":[{"embeddable":true,"href":"https:\/\/rnoticias.com.mx\/Portal\/wp-json\/wp\/v2\/users\/2"}],"replies":[{"embeddable":true,"href":"https:\/\/rnoticias.com.mx\/Portal\/wp-json\/wp\/v2\/comments?post=248622"}],"version-history":[{"count":1,"href":"https:\/\/rnoticias.com.mx\/Portal\/wp-json\/wp\/v2\/posts\/248622\/revisions"}],"predecessor-version":[{"id":248624,"href":"https:\/\/rnoticias.com.mx\/Portal\/wp-json\/wp\/v2\/posts\/248622\/revisions\/248624"}],"wp:featuredmedia":[{"embeddable":true,"href":"https:\/\/rnoticias.com.mx\/Portal\/wp-json\/wp\/v2\/media\/248623"}],"wp:attachment":[{"href":"https:\/\/rnoticias.com.mx\/Portal\/wp-json\/wp\/v2\/media?parent=248622"}],"wp:term":[{"taxonomy":"category","embeddable":true,"href":"https:\/\/rnoticias.com.mx\/Portal\/wp-json\/wp\/v2\/categories?post=248622"},{"taxonomy":"post_tag","embeddable":true,"href":"https:\/\/rnoticias.com.mx\/Portal\/wp-json\/wp\/v2\/tags?post=248622"}],"curies":[{"name":"wp","href":"https:\/\/api.w.org\/{rel}","templated":true}]}}