{"id":248619,"date":"2026-03-11T18:32:21","date_gmt":"2026-03-12T01:32:21","guid":{"rendered":"https:\/\/rnoticias.com.mx\/Portal\/?p=248619"},"modified":"2026-03-11T18:32:21","modified_gmt":"2026-03-12T01:32:21","slug":"jose-antonio-kast-asume-la-presidencia-de-chile","status":"publish","type":"post","link":"https:\/\/rnoticias.com.mx\/Portal\/2026\/03\/11\/jose-antonio-kast-asume-la-presidencia-de-chile\/","title":{"rendered":"Jos\u00e9 Antonio Kast asume la Presidencia de Chile"},"content":{"rendered":"<p><mark><strong>El ultraderechista Jos\u00e9 Antonio Kast jur\u00f3 el mi\u00e9rcoles como nuevo presidente de Chile<\/strong><\/mark>\u00a0en una ceremonia celebrada en el Congreso Nacional de la costera ciudad de Valpara\u00edso.<\/p>\n<p>En el acto oficial estuvieron decenas de presidentes y l\u00edderes de Estado,\u00a0<strong>entre ellos el ecuatoriano Daniel Noboa, el argentino Javier Milei y el rey Felipe VI de Espa\u00f1a.<\/strong><\/p>\n<p><strong>&#8220;S\u00ed, juro&#8221;,\u00a0<\/strong>dijo Kast ante la presidenta del Senado, Paulina N\u00fa\u00f1ez Urrutia.<\/p>\n<p>Fundador del Partido Republicano, Kast se impuso a la candidata oficialista Jeannette Jara con casi el 60% de los votos de un electorado\u00a0<mark><strong>atra\u00eddo por sus promesas de implementar un gobierno de emergencia para dar batalla al crimen organizado, el aumento de la delincuencia y la crisis migratoria que ha azotado a Chile en los \u00faltimos a\u00f1os.<\/strong><\/mark><\/p>\n<p>La investidura de Kast, un abogado cat\u00f3lico de 60 a\u00f1os y uno de los principales rostros de la extrema derecha latinoamericana, marca el giro m\u00e1s acentuado hacia la derecha en Chile\u00a0<strong>desde el fin de la dictadura militar del general Augusto Pinochet (1973-1990) y pone fin a la tendencia de gobiernos de centroderecha y centroizquierda que se han alternado en el poder desde entonces.<\/strong><\/p>\n","protected":false},"excerpt":{"rendered":"<p>El ultraderechista Jos\u00e9 Antonio Kast jur\u00f3 el mi\u00e9rcoles como nuevo presidente de Chile\u00a0en una ceremonia celebrada en el Congreso Nacional de la costera ciudad de Valpara\u00edso. En el acto oficial estuvieron decenas de presidentes y l\u00edderes de Estado,\u00a0entre ellos el ecuatoriano Daniel Noboa, el argentino Javier Milei y el rey Felipe VI de Espa\u00f1a. &#8220;S\u00ed, [&hellip;]<\/p>\n","protected":false},"author":2,"featured_media":248620,"comment_status":"closed","ping_status":"closed","sticky":false,"template":"","format":"standard","meta":{"footnotes":""},"categories":[12870,182],"tags":[12865,12871],"class_list":["post-248619","post","type-post","status-publish","format-standard","has-post-thumbnail","hentry","category-destacadas","category-internacional","tag-destacadas","tag-internacional"],"jetpack_featured_media_url":"https:\/\/rnoticias.com.mx\/Portal\/wp-content\/uploads\/2026\/03\/jose-antonio-kast-900x616-1.webp","amp_enabled":true,"_links":{"self":[{"href":"https:\/\/rnoticias.com.mx\/Portal\/wp-json\/wp\/v2\/posts\/248619","targetHints":{"allow":["GET"]}}],"collection":[{"href":"https:\/\/rnoticias.com.mx\/Portal\/wp-json\/wp\/v2\/posts"}],"about":[{"href":"https:\/\/rnoticias.com.mx\/Portal\/wp-json\/wp\/v2\/types\/post"}],"author":[{"embeddable":true,"href":"https:\/\/rnoticias.com.mx\/Portal\/wp-json\/wp\/v2\/users\/2"}],"replies":[{"embeddable":true,"href":"https:\/\/rnoticias.com.mx\/Portal\/wp-json\/wp\/v2\/comments?post=248619"}],"version-history":[{"count":1,"href":"https:\/\/rnoticias.com.mx\/Portal\/wp-json\/wp\/v2\/posts\/248619\/revisions"}],"predecessor-version":[{"id":248621,"href":"https:\/\/rnoticias.com.mx\/Portal\/wp-json\/wp\/v2\/posts\/248619\/revisions\/248621"}],"wp:featuredmedia":[{"embeddable":true,"href":"https:\/\/rnoticias.com.mx\/Portal\/wp-json\/wp\/v2\/media\/248620"}],"wp:attachment":[{"href":"https:\/\/rnoticias.com.mx\/Portal\/wp-json\/wp\/v2\/media?parent=248619"}],"wp:term":[{"taxonomy":"category","embeddable":true,"href":"https:\/\/rnoticias.com.mx\/Portal\/wp-json\/wp\/v2\/categories?post=248619"},{"taxonomy":"post_tag","embeddable":true,"href":"https:\/\/rnoticias.com.mx\/Portal\/wp-json\/wp\/v2\/tags?post=248619"}],"curies":[{"name":"wp","href":"https:\/\/api.w.org\/{rel}","templated":true}]}}