{"id":248616,"date":"2026-03-11T18:31:08","date_gmt":"2026-03-12T01:31:08","guid":{"rendered":"https:\/\/rnoticias.com.mx\/Portal\/?p=248616"},"modified":"2026-03-11T18:31:08","modified_gmt":"2026-03-12T01:31:08","slug":"abogada-de-colombia-se-lanza-a-candidata-presidencial-como-la-casa-de-papel","status":"publish","type":"post","link":"https:\/\/rnoticias.com.mx\/Portal\/2026\/03\/11\/abogada-de-colombia-se-lanza-a-candidata-presidencial-como-la-casa-de-papel\/","title":{"rendered":"Abogada de Colombia se lanza a candidata presidencial como &#8216;La Casa de Papel&#8217;"},"content":{"rendered":"<p><strong>Sondra Macollins Garvin<\/strong>, una abogada colombiana lanz\u00f3 este mi\u00e9rcoles su<strong>\u00a0candidatura para la presidencia de Colombia,<\/strong>\u00a0y aunque es pr\u00e1cticamente un desconocida entre los dem\u00e1s candidatos, lo que llam\u00f3 la atenci\u00f3n de\u00a0<mark>su campa\u00f1a promocional fue que est\u00e1 inspirada en la serie espa\u00f1ola\u00a0<strong>\u201cLa Casa de Papel\u201d<\/strong>.<\/mark><\/p>\n<p>Macollins lleg\u00f3 a la sede principal en Bogot\u00e1 de la Registradur\u00eda Nacional del Estado Civil, organizadora de las elecciones, vestida con el traje rojo y con la mascara blanca de \u201cV for Vendetta\u201d que caracterizan a los personajes principales de la serie producci\u00f3n de Netflix.<\/p>\n<p>La acompa\u00f1aban el tambi\u00e9n abogado,\u00a0<strong>Leonardo Karam Helo como su f\u00f3rmula vicepresidencial<\/strong>, y un numeroso grupo de personas que de igual forma que ella portaban el mismo disfraz.<\/p>\n<p><i>\u201c\u00a1Nuestra candidatura a la presidencia 2026 es oficial! Estoy feliz de anunciar este camino en el que le devolvemos el poder a la gente, y entre todos los que somos an\u00f3nimos, nos abrimos un camino para construir una Colombia mejor\u201d\u00a0<\/i>comenta la candidata.<\/p>\n<p><mark>La raz\u00f3n por la cual haya usado \u201cLa Casa de Papel\u201d como referencia para su campa\u00f1a estar\u00eda relacionada con representar a los ciudadanos an\u00f3nimos.\u00a0<\/mark><\/p>\n<p><i>&#8220;Hoy la gente, los invisibles, los an\u00f3nimos, estamos presentando nuestro nombre para regresarle el poder a la gente&#8221;<\/i>, declar\u00f3<\/p>\n<p><mark>Las propuestas de Sondra se centran en temas de derechos humanos, seguridad y justicia, haciendo un amplio \u00e9nfasis en los delitos que se relacionan en el espacio digital y en las calles.\u00a0<\/mark><\/p>\n<p>A pesar de la forma llamativa en la Macollins y su equipo presentaron la candidatura esta\u00a0<strong>no alcanza ni el 1% en en las encuestas de intenci\u00f3n de voto.<\/strong>\u00a0Adem\u00e1s que no est\u00e1 exenta de criticas y pol\u00e9micas, pues\u00a0<mark>ha defendido judicialmente a personalidades que cometieron delitos y tienen antecedentes penales<\/mark>\u00a0como al estafador David Murcia Guzm\u00e1n, a Carlos Lehder un exnarcotraficante miembro del Cartel de Medellin, y a los exmilitares colombianos que participaron en el magnicidio de 7 de julio de 2021.<\/p>\n","protected":false},"excerpt":{"rendered":"<p>Sondra Macollins Garvin, una abogada colombiana lanz\u00f3 este mi\u00e9rcoles su\u00a0candidatura para la presidencia de Colombia,\u00a0y aunque es pr\u00e1cticamente un desconocida entre los dem\u00e1s candidatos, lo que llam\u00f3 la atenci\u00f3n de\u00a0su campa\u00f1a promocional fue que est\u00e1 inspirada en la serie espa\u00f1ola\u00a0\u201cLa Casa de Papel\u201d. Macollins lleg\u00f3 a la sede principal en Bogot\u00e1 de la Registradur\u00eda Nacional [&hellip;]<\/p>\n","protected":false},"author":2,"featured_media":248617,"comment_status":"closed","ping_status":"closed","sticky":false,"template":"","format":"standard","meta":{"footnotes":""},"categories":[336,12870],"tags":[12878,12865],"class_list":["post-248616","post","type-post","status-publish","format-standard","has-post-thumbnail","hentry","category-curiosidades","category-destacadas","tag-curiosidades","tag-destacadas"],"jetpack_featured_media_url":"https:\/\/rnoticias.com.mx\/Portal\/wp-content\/uploads\/2026\/03\/9d478360beb662a76c5c957bc121fb24bfc9b566miniw.jpg","amp_enabled":true,"_links":{"self":[{"href":"https:\/\/rnoticias.com.mx\/Portal\/wp-json\/wp\/v2\/posts\/248616","targetHints":{"allow":["GET"]}}],"collection":[{"href":"https:\/\/rnoticias.com.mx\/Portal\/wp-json\/wp\/v2\/posts"}],"about":[{"href":"https:\/\/rnoticias.com.mx\/Portal\/wp-json\/wp\/v2\/types\/post"}],"author":[{"embeddable":true,"href":"https:\/\/rnoticias.com.mx\/Portal\/wp-json\/wp\/v2\/users\/2"}],"replies":[{"embeddable":true,"href":"https:\/\/rnoticias.com.mx\/Portal\/wp-json\/wp\/v2\/comments?post=248616"}],"version-history":[{"count":1,"href":"https:\/\/rnoticias.com.mx\/Portal\/wp-json\/wp\/v2\/posts\/248616\/revisions"}],"predecessor-version":[{"id":248618,"href":"https:\/\/rnoticias.com.mx\/Portal\/wp-json\/wp\/v2\/posts\/248616\/revisions\/248618"}],"wp:featuredmedia":[{"embeddable":true,"href":"https:\/\/rnoticias.com.mx\/Portal\/wp-json\/wp\/v2\/media\/248617"}],"wp:attachment":[{"href":"https:\/\/rnoticias.com.mx\/Portal\/wp-json\/wp\/v2\/media?parent=248616"}],"wp:term":[{"taxonomy":"category","embeddable":true,"href":"https:\/\/rnoticias.com.mx\/Portal\/wp-json\/wp\/v2\/categories?post=248616"},{"taxonomy":"post_tag","embeddable":true,"href":"https:\/\/rnoticias.com.mx\/Portal\/wp-json\/wp\/v2\/tags?post=248616"}],"curies":[{"name":"wp","href":"https:\/\/api.w.org\/{rel}","templated":true}]}}