{"id":248601,"date":"2026-03-11T18:16:51","date_gmt":"2026-03-12T01:16:51","guid":{"rendered":"https:\/\/rnoticias.com.mx\/Portal\/?p=248601"},"modified":"2026-03-11T18:16:51","modified_gmt":"2026-03-12T01:16:51","slug":"emotivo-mensaje-de-luis-angel-malagon-tras-la-lesion","status":"publish","type":"post","link":"https:\/\/rnoticias.com.mx\/Portal\/2026\/03\/11\/emotivo-mensaje-de-luis-angel-malagon-tras-la-lesion\/","title":{"rendered":"Emotivo mensaje de Luis \u00c1ngel Malag\u00f3n tras la lesi\u00f3n"},"content":{"rendered":"<p>El a\u00f1o 2026 ha sido complicado para el Am\u00e9rica y la lesi\u00f3n de\u00a0<strong>Luis \u00c1ngel Malag\u00f3n<\/strong>\u00a0lo confirm\u00f3. Ayer, el portero de las \u00c1guilas del Am\u00e9rica sufri\u00f3 una lesi\u00f3n que lo deja pr\u00e1cticamente fuera de la Copa del Mundo 2026.<\/p>\n<p>El tambi\u00e9n arquero de la\u00a0<strong>Selecci\u00f3n Mexicana se aleja del Mundial 2026<\/strong>\u00a0y a falta de confirmaci\u00f3n oficial, se espera que el guardameta azulcrema est\u00e9 fuera de actividad por lo menos seis meses.<\/p>\n<p>Este mi\u00e9rcoles se revelar\u00e1 la gravedad de su lesi\u00f3n y mientras esto ocurre, el arquero mexicano de 29 a\u00f1os ha recibido un sinf\u00edn de mensajes de aliento tras las dolorosas im\u00e1genes que se vieron en Filadelfia, en los\u00a0<strong>Octavos de Final de la Concacaf Champions Cup.<\/strong><\/p>\n<p>El mismo Malag\u00f3n public\u00f3 un mensaje en redes sociales que conmovi\u00f3 a los aficionados del Am\u00e9rica y hasta fan\u00e1ticos de otros equipos.<\/p>\n<p><strong><em>\u201cHerido y triste con el alma hecha pedazos tratando de entender la situaci\u00f3n y preguntando \u00bfpor qu\u00e9? Ese sue\u00f1o parece esfumarse, pero s\u00e9 que Dios alg\u00fan d\u00eda me dar\u00e1 la respuesta\u201d,<\/em><\/strong>\u00a0se puede leer en el escrito de Luis \u00c1ngel.<\/p>\n<p>\u2018Mala\u2019 se perfilaba para ser uno de los tres porteros del Tricolor para estar en la pr\u00f3xima Copa del Mundo.<\/p>\n","protected":false},"excerpt":{"rendered":"<p>El a\u00f1o 2026 ha sido complicado para el Am\u00e9rica y la lesi\u00f3n de\u00a0Luis \u00c1ngel Malag\u00f3n\u00a0lo confirm\u00f3. Ayer, el portero de las \u00c1guilas del Am\u00e9rica sufri\u00f3 una lesi\u00f3n que lo deja pr\u00e1cticamente fuera de la Copa del Mundo 2026. El tambi\u00e9n arquero de la\u00a0Selecci\u00f3n Mexicana se aleja del Mundial 2026\u00a0y a falta de confirmaci\u00f3n oficial, se [&hellip;]<\/p>\n","protected":false},"author":2,"featured_media":248602,"comment_status":"closed","ping_status":"closed","sticky":false,"template":"","format":"standard","meta":{"footnotes":""},"categories":[188,12870],"tags":[5231,12865],"class_list":["post-248601","post","type-post","status-publish","format-standard","has-post-thumbnail","hentry","category-deportes","category-destacadas","tag-deportes","tag-destacadas"],"jetpack_featured_media_url":"https:\/\/rnoticias.com.mx\/Portal\/wp-content\/uploads\/2026\/03\/publicacion-en-historias-de-luis-angel-malagon-1-145349.jpg","amp_enabled":true,"_links":{"self":[{"href":"https:\/\/rnoticias.com.mx\/Portal\/wp-json\/wp\/v2\/posts\/248601","targetHints":{"allow":["GET"]}}],"collection":[{"href":"https:\/\/rnoticias.com.mx\/Portal\/wp-json\/wp\/v2\/posts"}],"about":[{"href":"https:\/\/rnoticias.com.mx\/Portal\/wp-json\/wp\/v2\/types\/post"}],"author":[{"embeddable":true,"href":"https:\/\/rnoticias.com.mx\/Portal\/wp-json\/wp\/v2\/users\/2"}],"replies":[{"embeddable":true,"href":"https:\/\/rnoticias.com.mx\/Portal\/wp-json\/wp\/v2\/comments?post=248601"}],"version-history":[{"count":1,"href":"https:\/\/rnoticias.com.mx\/Portal\/wp-json\/wp\/v2\/posts\/248601\/revisions"}],"predecessor-version":[{"id":248603,"href":"https:\/\/rnoticias.com.mx\/Portal\/wp-json\/wp\/v2\/posts\/248601\/revisions\/248603"}],"wp:featuredmedia":[{"embeddable":true,"href":"https:\/\/rnoticias.com.mx\/Portal\/wp-json\/wp\/v2\/media\/248602"}],"wp:attachment":[{"href":"https:\/\/rnoticias.com.mx\/Portal\/wp-json\/wp\/v2\/media?parent=248601"}],"wp:term":[{"taxonomy":"category","embeddable":true,"href":"https:\/\/rnoticias.com.mx\/Portal\/wp-json\/wp\/v2\/categories?post=248601"},{"taxonomy":"post_tag","embeddable":true,"href":"https:\/\/rnoticias.com.mx\/Portal\/wp-json\/wp\/v2\/tags?post=248601"}],"curies":[{"name":"wp","href":"https:\/\/api.w.org\/{rel}","templated":true}]}}