{"id":248592,"date":"2026-03-11T18:12:12","date_gmt":"2026-03-12T01:12:12","guid":{"rendered":"https:\/\/rnoticias.com.mx\/Portal\/?p=248592"},"modified":"2026-03-11T18:12:12","modified_gmt":"2026-03-12T01:12:12","slug":"yolanda-andrade-arremete-contra-saskia-nino-de-rivera-por-polemica-con-carmen-salinas","status":"publish","type":"post","link":"https:\/\/rnoticias.com.mx\/Portal\/2026\/03\/11\/yolanda-andrade-arremete-contra-saskia-nino-de-rivera-por-polemica-con-carmen-salinas\/","title":{"rendered":"Yolanda Andrade arremete contra Saskia Ni\u00f1o de Rivera por pol\u00e9mica con Carmen Salinas"},"content":{"rendered":"<p>La conductora Yolanda Andrade reaccion\u00f3 a la pol\u00e9mica que surgi\u00f3 en torno al nombre de Carmen Salinas, luego de que en un episodio del podcast Penitencia, conducido por la activista Saskia Ni\u00f1o de Rivera, un recluso hiciera se\u00f1alamientos que involucraban a la fallecida actriz. Ante esto, la presentadora del programa Montse &amp; Joe no dud\u00f3 en defender la memoria de la artista y lanzar fuertes cr\u00edticas contra la creadora del proyecto.<\/p>\n<p>La controversia comenz\u00f3 cuando en el material audiovisual se difundi\u00f3 el testimonio de un interno conocido como \u201c<strong>Beto\u201d<\/strong>, quien afirm\u00f3 haber participado en supuestos delitos relacionados con figuras p\u00fablicas y mencion\u00f3 el nombre de Carmen Salinas en sus relatos. Las declaraciones generaron indignaci\u00f3n entre seguidores y personas cercanas a la actriz, quien falleci\u00f3 el 9 de diciembre de 2021 a los 82 a\u00f1os.<\/p>\n<p>Durante un encuentro con reporteros, Yolanda Andrade fue cuestionada sobre el tema y expres\u00f3 su molestia por la forma en que se mencion\u00f3 a la actriz.\u00a0<strong><em>\u201cSe me hizo decepcionante. Se me hizo injusto que pusiera el nombre de Carmelita y no los otros nombres. Se me hizo muy cruel, muy doloroso\u201d,<\/em><\/strong>\u00a0declar\u00f3 la conductora.<\/p>\n<div id=\"eldia-2498504148\" class=\"eldia-contenido eldia-target\" data-eldia-trackid=\"1573641\" data-eldia-trackbid=\"1\"><\/div>\n<div id=\"eldia-3459013619\" class=\"eldia-contenido-3 eldia-target\" data-eldia-trackid=\"1863715\" data-eldia-trackbid=\"1\"><\/div>\n<p>La tambi\u00e9n actriz consider\u00f3 que el se\u00f1alamiento fue injusto para alguien que ya no puede defenderse, as\u00ed como para su familia.<strong><em>\u00a0\u201cNo, ella conoce a su mam\u00e1 perfectamente bien y nosotros tambi\u00e9n. Carmelita es muy querida por todos nosotros y esto no la va a manchar ni tantito. Pero eso fue una pu\u00f1alada trapera, esto no est\u00e1 correcto\u201d,<\/em><\/strong>\u00a0expres\u00f3 al enviar un mensaje de apoyo a la familia de la int\u00e9rprete.<\/p>\n<p>Adem\u00e1s, Andrade cuestion\u00f3 que se haya solicitado apoyo econ\u00f3mico para el recluso que realiz\u00f3 las declaraciones.<strong><em>\u00a0\u201cY luego pedir dinero para ese se\u00f1or, \u00bfme entiendes?, \u00bfpor qu\u00e9 no le da ella el dinero que gan\u00f3 de sus views?\u201d,<\/em><\/strong>\u00a0se\u00f1al\u00f3, mostrando su inconformidad con la din\u00e1mica del contenido.<\/p>\n<p>La pol\u00e9mica ha provocado diversas reacciones en redes sociales y medios de comunicaci\u00f3n, especialmente porque el nombre de Carmen Salinas sigue siendo una figura muy querida dentro del espect\u00e1culo mexicano. Amigos, colegas y seguidores han salido a defender su legado tras las acusaciones surgidas en el podcast.<\/p>\n<div class=\"stream-item stream-item-in-post stream-item-inline-post aligncenter\">\n<div class=\"stream-item-size\"><\/div>\n<\/div>\n<p>Cabe recordar que, tras el esc\u00e1ndalo, Saskia Ni\u00f1o de Rivera ofreci\u00f3 disculpas p\u00fablicas a la familia de la actriz y explic\u00f3 que el episodio fue retirado temporalmente debido a un\u00a0<strong><em>\u201cerror editorial\u201d<\/em><\/strong>, asegurando que el testimonio pertenec\u00eda al entrevistado y no a una postura del equipo del programa.<\/p>\n<p>Aun as\u00ed, las declaraciones de Yolanda Andrade volvieron a poner el tema en el centro de la conversaci\u00f3n, evidenciando el impacto que la pol\u00e9mica ha tenido en el medio art\u00edstico y en quienes defendieron p\u00fablicamente la memoria de Carmen Salinas.<\/p>\n","protected":false},"excerpt":{"rendered":"<p>La conductora Yolanda Andrade reaccion\u00f3 a la pol\u00e9mica que surgi\u00f3 en torno al nombre de Carmen Salinas, luego de que en un episodio del podcast Penitencia, conducido por la activista Saskia Ni\u00f1o de Rivera, un recluso hiciera se\u00f1alamientos que involucraban a la fallecida actriz. Ante esto, la presentadora del programa Montse &amp; Joe no dud\u00f3 [&hellip;]<\/p>\n","protected":false},"author":2,"featured_media":248593,"comment_status":"closed","ping_status":"closed","sticky":false,"template":"","format":"standard","meta":{"footnotes":""},"categories":[12870,219],"tags":[12865,12875],"class_list":["post-248592","post","type-post","status-publish","format-standard","has-post-thumbnail","hentry","category-destacadas","category-espectaculos","tag-destacadas","tag-espectaculos"],"jetpack_featured_media_url":"https:\/\/rnoticias.com.mx\/Portal\/wp-content\/uploads\/2026\/03\/yolanda-andrade-arremete-saskia-podcast.webp","amp_enabled":true,"_links":{"self":[{"href":"https:\/\/rnoticias.com.mx\/Portal\/wp-json\/wp\/v2\/posts\/248592","targetHints":{"allow":["GET"]}}],"collection":[{"href":"https:\/\/rnoticias.com.mx\/Portal\/wp-json\/wp\/v2\/posts"}],"about":[{"href":"https:\/\/rnoticias.com.mx\/Portal\/wp-json\/wp\/v2\/types\/post"}],"author":[{"embeddable":true,"href":"https:\/\/rnoticias.com.mx\/Portal\/wp-json\/wp\/v2\/users\/2"}],"replies":[{"embeddable":true,"href":"https:\/\/rnoticias.com.mx\/Portal\/wp-json\/wp\/v2\/comments?post=248592"}],"version-history":[{"count":1,"href":"https:\/\/rnoticias.com.mx\/Portal\/wp-json\/wp\/v2\/posts\/248592\/revisions"}],"predecessor-version":[{"id":248594,"href":"https:\/\/rnoticias.com.mx\/Portal\/wp-json\/wp\/v2\/posts\/248592\/revisions\/248594"}],"wp:featuredmedia":[{"embeddable":true,"href":"https:\/\/rnoticias.com.mx\/Portal\/wp-json\/wp\/v2\/media\/248593"}],"wp:attachment":[{"href":"https:\/\/rnoticias.com.mx\/Portal\/wp-json\/wp\/v2\/media?parent=248592"}],"wp:term":[{"taxonomy":"category","embeddable":true,"href":"https:\/\/rnoticias.com.mx\/Portal\/wp-json\/wp\/v2\/categories?post=248592"},{"taxonomy":"post_tag","embeddable":true,"href":"https:\/\/rnoticias.com.mx\/Portal\/wp-json\/wp\/v2\/tags?post=248592"}],"curies":[{"name":"wp","href":"https:\/\/api.w.org\/{rel}","templated":true}]}}