{"id":248583,"date":"2026-03-11T18:05:50","date_gmt":"2026-03-12T01:05:50","guid":{"rendered":"https:\/\/rnoticias.com.mx\/Portal\/?p=248583"},"modified":"2026-03-11T18:05:50","modified_gmt":"2026-03-12T01:05:50","slug":"cobro-5-millones-de-pesos-por-cantar-happy-birthday","status":"publish","type":"post","link":"https:\/\/rnoticias.com.mx\/Portal\/2026\/03\/11\/cobro-5-millones-de-pesos-por-cantar-happy-birthday\/","title":{"rendered":"Cobr\u00f3 5 millones de pesos por cantar \u2018Happy Birthday\u2019"},"content":{"rendered":"<p>La conductora Pati Chapoy sorprendi\u00f3 al revelar la presunta cifra que habr\u00eda cobrado Belinda por asistir a unos exclusivos XV a\u00f1os en M\u00e9xico, donde interpret\u00f3 el tradicional\u00a0<strong><em>\u201cHappy Birthday\u201d<\/em><\/strong>\u00a0para la festejada.<\/p>\n<p>Durante su comentario, la periodista habl\u00f3 sobre el evento que se volvi\u00f3 viral en redes sociales luego de que circularan videos del momento en que la cantante aparece en la celebraci\u00f3n de la joven conocida como Mafer, una fiesta que r\u00e1pidamente acapar\u00f3 la conversaci\u00f3n en internet por el lujo y la presencia de celebridades.<\/p>\n<p>La celebraci\u00f3n se realiz\u00f3 en Villahermosa, Tabasco, y fue organizada para Mar\u00eda Fernanda, conocida como Mafer, hija de una familia vinculada al sector empresarial de la regi\u00f3n. El evento gener\u00f3 gran impacto en redes sociales por el despliegue de producci\u00f3n, artistas invitados y la espectacularidad del festejo.<\/p>\n<p>Seg\u00fan explic\u00f3 Chapoy en Ventaneando, el traslado de la artista habr\u00eda sido uno de los factores que elev\u00f3 el costo de su participaci\u00f3n en la fiesta, pues Belinda se encuentra actualmente en Espa\u00f1a grabando la serie\u00a0<strong><em>\u201cCarlota\u201d<\/em><\/strong>, por lo que tuvo que viajar desde Madrid para poder asistir al evento y posteriormente regresar a continuar con las filmaciones, sin embargo, lo que m\u00e1s llam\u00f3 la atenci\u00f3n fue la cifra que mencion\u00f3 la periodista sobre el supuesto pago que habr\u00eda recibido la int\u00e9rprete por su breve participaci\u00f3n en la conmemoraci\u00f3n.<\/p>\n<p><strong><em>\u201cAl parecer, Belinda recibi\u00f3 la fabulosa cantidad de 5 millones de pesos\u201d<\/em><\/strong>, agreg\u00f3 Pati Chapoy, aunque no revel\u00f3 la fuente de donde proviene dicha informaci\u00f3n.<\/p>\n<p>El festejo se volvi\u00f3 tendencia no solo por la aparici\u00f3n de Belinda, sino tambi\u00e9n por la presencia de otras celebridades invitadas, entre ellas el cantante colombiano J Balvin, el int\u00e9rprete Xavi y la conductora Galilea Montijo, quien fungi\u00f3 como presentadora del evento.<\/p>\n","protected":false},"excerpt":{"rendered":"<p>La conductora Pati Chapoy sorprendi\u00f3 al revelar la presunta cifra que habr\u00eda cobrado Belinda por asistir a unos exclusivos XV a\u00f1os en M\u00e9xico, donde interpret\u00f3 el tradicional\u00a0\u201cHappy Birthday\u201d\u00a0para la festejada. Durante su comentario, la periodista habl\u00f3 sobre el evento que se volvi\u00f3 viral en redes sociales luego de que circularan videos del momento en que [&hellip;]<\/p>\n","protected":false},"author":2,"featured_media":248584,"comment_status":"closed","ping_status":"closed","sticky":false,"template":"","format":"standard","meta":{"footnotes":""},"categories":[12870,219],"tags":[12865,12875],"class_list":["post-248583","post","type-post","status-publish","format-standard","has-post-thumbnail","hentry","category-destacadas","category-espectaculos","tag-destacadas","tag-espectaculos"],"jetpack_featured_media_url":"https:\/\/rnoticias.com.mx\/Portal\/wp-content\/uploads\/2026\/03\/cobra-belinda-cantar-xv-anos.webp","amp_enabled":true,"_links":{"self":[{"href":"https:\/\/rnoticias.com.mx\/Portal\/wp-json\/wp\/v2\/posts\/248583","targetHints":{"allow":["GET"]}}],"collection":[{"href":"https:\/\/rnoticias.com.mx\/Portal\/wp-json\/wp\/v2\/posts"}],"about":[{"href":"https:\/\/rnoticias.com.mx\/Portal\/wp-json\/wp\/v2\/types\/post"}],"author":[{"embeddable":true,"href":"https:\/\/rnoticias.com.mx\/Portal\/wp-json\/wp\/v2\/users\/2"}],"replies":[{"embeddable":true,"href":"https:\/\/rnoticias.com.mx\/Portal\/wp-json\/wp\/v2\/comments?post=248583"}],"version-history":[{"count":1,"href":"https:\/\/rnoticias.com.mx\/Portal\/wp-json\/wp\/v2\/posts\/248583\/revisions"}],"predecessor-version":[{"id":248585,"href":"https:\/\/rnoticias.com.mx\/Portal\/wp-json\/wp\/v2\/posts\/248583\/revisions\/248585"}],"wp:featuredmedia":[{"embeddable":true,"href":"https:\/\/rnoticias.com.mx\/Portal\/wp-json\/wp\/v2\/media\/248584"}],"wp:attachment":[{"href":"https:\/\/rnoticias.com.mx\/Portal\/wp-json\/wp\/v2\/media?parent=248583"}],"wp:term":[{"taxonomy":"category","embeddable":true,"href":"https:\/\/rnoticias.com.mx\/Portal\/wp-json\/wp\/v2\/categories?post=248583"},{"taxonomy":"post_tag","embeddable":true,"href":"https:\/\/rnoticias.com.mx\/Portal\/wp-json\/wp\/v2\/tags?post=248583"}],"curies":[{"name":"wp","href":"https:\/\/api.w.org\/{rel}","templated":true}]}}