{"id":248557,"date":"2026-03-11T17:24:48","date_gmt":"2026-03-12T00:24:48","guid":{"rendered":"https:\/\/rnoticias.com.mx\/Portal\/?p=248557"},"modified":"2026-03-11T17:24:48","modified_gmt":"2026-03-12T00:24:48","slug":"rechazan-diputados-reforma-electoral","status":"publish","type":"post","link":"https:\/\/rnoticias.com.mx\/Portal\/2026\/03\/11\/rechazan-diputados-reforma-electoral\/","title":{"rendered":"Rechazan diputados Reforma Electoral"},"content":{"rendered":"<p>El pleno de la C\u00e1mara de Diputados desech\u00f3 el dictamen de la reforma electoral propuesta por la presidenta Claudia Sheinbaum, al<strong>\u00a0no alcanzar mayor\u00eda calificada, por 234 votos en contra de PT, PVEM, PAN, PRI y MC, y 259 a favor de Morena, y una abstenci\u00f3n.<\/strong><\/p>\n<p>&nbsp;<\/p>\n<p><strong>No hubo discusi\u00f3n en lo general,<\/strong>\u00a0s\u00f3lo pasaron a tribuna los seis coordinadores parlamentarios para expresar el posicionamiento de cada bancada.<strong>\u00a0Los aliados de Morena anunciaron su voto en contra, pero afirmaron que continuar\u00e1n en la alianza.<\/strong><\/p>\n","protected":false},"excerpt":{"rendered":"<p>El pleno de la C\u00e1mara de Diputados desech\u00f3 el dictamen de la reforma electoral propuesta por la presidenta Claudia Sheinbaum, al\u00a0no alcanzar mayor\u00eda calificada, por 234 votos en contra de PT, PVEM, PAN, PRI y MC, y 259 a favor de Morena, y una abstenci\u00f3n. &nbsp; No hubo discusi\u00f3n en lo general,\u00a0s\u00f3lo pasaron a tribuna [&hellip;]<\/p>\n","protected":false},"author":2,"featured_media":248558,"comment_status":"closed","ping_status":"closed","sticky":false,"template":"","format":"standard","meta":{"footnotes":""},"categories":[12870,12868],"tags":[12865,12879],"class_list":["post-248557","post","type-post","status-publish","format-standard","has-post-thumbnail","hentry","category-destacadas","category-politica","tag-destacadas","tag-politica"],"jetpack_featured_media_url":"https:\/\/rnoticias.com.mx\/Portal\/wp-content\/uploads\/2026\/03\/Debaten-diputados-reforma-elec_2805456-7nnox5rcl2o0592dgei208xq97gyse61aodhio06ieo.jpg","amp_enabled":true,"_links":{"self":[{"href":"https:\/\/rnoticias.com.mx\/Portal\/wp-json\/wp\/v2\/posts\/248557","targetHints":{"allow":["GET"]}}],"collection":[{"href":"https:\/\/rnoticias.com.mx\/Portal\/wp-json\/wp\/v2\/posts"}],"about":[{"href":"https:\/\/rnoticias.com.mx\/Portal\/wp-json\/wp\/v2\/types\/post"}],"author":[{"embeddable":true,"href":"https:\/\/rnoticias.com.mx\/Portal\/wp-json\/wp\/v2\/users\/2"}],"replies":[{"embeddable":true,"href":"https:\/\/rnoticias.com.mx\/Portal\/wp-json\/wp\/v2\/comments?post=248557"}],"version-history":[{"count":1,"href":"https:\/\/rnoticias.com.mx\/Portal\/wp-json\/wp\/v2\/posts\/248557\/revisions"}],"predecessor-version":[{"id":248559,"href":"https:\/\/rnoticias.com.mx\/Portal\/wp-json\/wp\/v2\/posts\/248557\/revisions\/248559"}],"wp:featuredmedia":[{"embeddable":true,"href":"https:\/\/rnoticias.com.mx\/Portal\/wp-json\/wp\/v2\/media\/248558"}],"wp:attachment":[{"href":"https:\/\/rnoticias.com.mx\/Portal\/wp-json\/wp\/v2\/media?parent=248557"}],"wp:term":[{"taxonomy":"category","embeddable":true,"href":"https:\/\/rnoticias.com.mx\/Portal\/wp-json\/wp\/v2\/categories?post=248557"},{"taxonomy":"post_tag","embeddable":true,"href":"https:\/\/rnoticias.com.mx\/Portal\/wp-json\/wp\/v2\/tags?post=248557"}],"curies":[{"name":"wp","href":"https:\/\/api.w.org\/{rel}","templated":true}]}}