{"id":248536,"date":"2026-03-11T17:00:06","date_gmt":"2026-03-12T00:00:06","guid":{"rendered":"https:\/\/rnoticias.com.mx\/Portal\/?p=248536"},"modified":"2026-03-11T17:00:06","modified_gmt":"2026-03-12T00:00:06","slug":"anuncia-tono-astiazaran-creartistica-nuevo-fondo-para-mujeres-artistas","status":"publish","type":"post","link":"https:\/\/rnoticias.com.mx\/Portal\/2026\/03\/11\/anuncia-tono-astiazaran-creartistica-nuevo-fondo-para-mujeres-artistas\/","title":{"rendered":"Anuncia To\u00f1o Astiazar\u00e1n &#8220;Creart\u00edstica&#8221; nuevo fondo para mujeres artistas"},"content":{"rendered":"<p>Hermosillo, Sonora; 11 de marzo, 2026.- En el marco de Creactiva. V Encuentro de Mujeres en las Artes, el Presidente Municipal Antonio Astiazar\u00e1n Guti\u00e9rrez anunci\u00f3 la convocatoria Creart\u00edstica. Est\u00edmulo a la Creaci\u00f3n para Mujeres en las Artes 2026.<\/p>\n<p>Acompa\u00f1ado de su esposa Patricia Ruibal Zaragoza, presidenta de DIF Hermosillo, mencion\u00f3 que este fondo se crea en cumplimiento del compromiso establecido en la edici\u00f3n anterior de Creactiva. Encuentro de Mujeres en las Artes y tiene como objetivo fortalecer la producci\u00f3n art\u00edstica, as\u00ed como promover la autonom\u00eda econ\u00f3mica de las creadoras y consolidar su permanencia en el \u00e1mbito cultural.<\/p>\n<p>&#8220;En la cuarta edici\u00f3n de Creactiva yo hice un compromiso, un compromiso que busca precisamente fortalecer esa capacidad creativa que tienen nuestras mujeres hermosillenses, y hoy me es muy grato anunciarles que ese compromiso el d\u00eda de hoy se cumple, y se cumple para crear en nuestra ciudad el primer fondo municipal, que se llamar\u00e1 Creart\u00edstica, y cuya convocatoria sale el d\u00eda de hoy prec\u00edsamente para darse a conocer&#8221;, revel\u00f3 Antonio Astiazar\u00e1n.<\/p>\n<p>Se otorgar\u00e1n ocho est\u00edmulos a mujeres artistas, quienes recibir\u00e1n durante ocho meses un apoyo de 8,000 pesos mensuales para el desarrollo de proyectos art\u00edsticos en las \u00e1reas de artes visuales, m\u00fasica, literatura, teatro, cine, danza, arte comunitario y arte interdisciplinario.<\/p>\n<p>El cierre de la convocatoria es el 4 de abril de 2026. Las bases est\u00e1n disponibles en las redes del Ayuntamiento de Hermosillo, de IMCA y en la p\u00e1gina https:\/\/imca.hermosillo.gob.mx<\/p>\n<p>Creactiva. V Encuentro de Mujeres en las Artes<\/p>\n<p>Con la participaci\u00f3n de m\u00e1s de 120 mujeres artistas, se realiz\u00f3 Creactiva. V Encuentro de Mujeres en las Artes, del 4 al 7 de marzo, con exposiciones, presentaciones musicales, talleres, conferencias, presentaciones de libros y el Encuentro de mujeres artistas: Mujeres Compartiendo Arte III.<\/p>\n<p>Marianna Gonz\u00e1lez Gast\u00e9lum, Directora General del Instituto Municipal de Cultura y Arte (IMCA), coment\u00f3 que este encuentro naci\u00f3 de la convicci\u00f3n de que el talento de las mujeres transforma realidades, \u201ceste fue un espacio donde las mujeres reconocieron la potencia creativa que habita en cada una de ellas\u201d.<\/p>\n<p>Agreg\u00f3 que Creactiva reconoce la labor de las mujeres de diversas disciplinas art\u00edsticas, generando un espacio de reflexi\u00f3n, intercambio y creaci\u00f3n de redes. \u201cDesde el IMCA creamos esta plataforma para propiciar conversaciones y fortalecer el v\u00ednculo entre las voces de las mujeres y la comunidad\u201d, mencion\u00f3 Gonz\u00e1lez Gastelum.<\/p>\n<p>Para la realizaci\u00f3n del encuentro se sumaron dependencias del Ayuntamiento como la Direcci\u00f3n General de Atenci\u00f3n a la Mujer, as\u00ed como espacios como Galer\u00eda Oasis 179, sede de la exposici\u00f3n colectiva Caleidoscopio de Mujeres, que cont\u00f3 con la participaci\u00f3n de 40 artistas visuales y que se podr\u00e1 visitar hasta el 28 de marzo en Morelia 171, esq. Carb\u00f3, colonia Centro, as\u00ed como la exposici\u00f3n fotogr\u00e1fica Retratos de mujeres en Sonora, de Ilse Cabanillas en el Pasillo exterior de Palacio Municipal de Hermosillo que permanecer\u00e1 hasta el 6 de abril.<\/p>\n","protected":false},"excerpt":{"rendered":"<p>Hermosillo, Sonora; 11 de marzo, 2026.- En el marco de Creactiva. V Encuentro de Mujeres en las Artes, el Presidente Municipal Antonio Astiazar\u00e1n Guti\u00e9rrez anunci\u00f3 la convocatoria Creart\u00edstica. Est\u00edmulo a la Creaci\u00f3n para Mujeres en las Artes 2026. Acompa\u00f1ado de su esposa Patricia Ruibal Zaragoza, presidenta de DIF Hermosillo, mencion\u00f3 que este fondo se crea [&hellip;]<\/p>\n","protected":false},"author":2,"featured_media":248537,"comment_status":"closed","ping_status":"closed","sticky":false,"template":"","format":"standard","meta":{"footnotes":""},"categories":[12870,178],"tags":[12865,12869],"class_list":["post-248536","post","type-post","status-publish","format-standard","has-post-thumbnail","hentry","category-destacadas","category-local","tag-destacadas","tag-local"],"jetpack_featured_media_url":"https:\/\/rnoticias.com.mx\/Portal\/wp-content\/uploads\/2026\/03\/434-1.jpg","amp_enabled":true,"_links":{"self":[{"href":"https:\/\/rnoticias.com.mx\/Portal\/wp-json\/wp\/v2\/posts\/248536","targetHints":{"allow":["GET"]}}],"collection":[{"href":"https:\/\/rnoticias.com.mx\/Portal\/wp-json\/wp\/v2\/posts"}],"about":[{"href":"https:\/\/rnoticias.com.mx\/Portal\/wp-json\/wp\/v2\/types\/post"}],"author":[{"embeddable":true,"href":"https:\/\/rnoticias.com.mx\/Portal\/wp-json\/wp\/v2\/users\/2"}],"replies":[{"embeddable":true,"href":"https:\/\/rnoticias.com.mx\/Portal\/wp-json\/wp\/v2\/comments?post=248536"}],"version-history":[{"count":1,"href":"https:\/\/rnoticias.com.mx\/Portal\/wp-json\/wp\/v2\/posts\/248536\/revisions"}],"predecessor-version":[{"id":248538,"href":"https:\/\/rnoticias.com.mx\/Portal\/wp-json\/wp\/v2\/posts\/248536\/revisions\/248538"}],"wp:featuredmedia":[{"embeddable":true,"href":"https:\/\/rnoticias.com.mx\/Portal\/wp-json\/wp\/v2\/media\/248537"}],"wp:attachment":[{"href":"https:\/\/rnoticias.com.mx\/Portal\/wp-json\/wp\/v2\/media?parent=248536"}],"wp:term":[{"taxonomy":"category","embeddable":true,"href":"https:\/\/rnoticias.com.mx\/Portal\/wp-json\/wp\/v2\/categories?post=248536"},{"taxonomy":"post_tag","embeddable":true,"href":"https:\/\/rnoticias.com.mx\/Portal\/wp-json\/wp\/v2\/tags?post=248536"}],"curies":[{"name":"wp","href":"https:\/\/api.w.org\/{rel}","templated":true}]}}