{"id":248513,"date":"2026-03-10T21:53:08","date_gmt":"2026-03-11T04:53:08","guid":{"rendered":"https:\/\/rnoticias.com.mx\/Portal\/?p=248513"},"modified":"2026-03-10T21:53:08","modified_gmt":"2026-03-11T04:53:08","slug":"cierran-temporalmente-embajada-de-mexico-en-iran","status":"publish","type":"post","link":"https:\/\/rnoticias.com.mx\/Portal\/2026\/03\/10\/cierran-temporalmente-embajada-de-mexico-en-iran\/","title":{"rendered":"Cierran temporalmente Embajada de M\u00e9xico en Ir\u00e1n"},"content":{"rendered":"<p>La\u00a0<strong>Embajada de M\u00e9xico\u00a0<\/strong>en Ir\u00e1n inform\u00f3 que debido a las condiciones que prevalecen en el pa\u00eds,<strong>\u00a0la embajada permanecer\u00e1 cerrada<\/strong>\u00a0y operar\u00e1 temporalmente de manera remota desde Azerbaiy\u00e1n.<\/p>\n<p>En su cuenta de X, la embajada mexicana indic\u00f3 que la secci\u00f3n consular seguir\u00e1 pendiente de la asistencia y protecci\u00f3n a mexicanos.<\/p>\n<p>Detall\u00f3 que por la reubicaci\u00f3n f\u00edsica de la Embajada, los tr\u00e1mites consulares presenciales se encuentran temporalmente suspendidos, y que los connacionales que requieran apoyo pueden comunicarse al n\u00famero telef\u00f3nico\u00a0<strong>+98 912 122 4463\u00a0<\/strong>y al correo electr\u00f3nico:\u00a0consularesirn@sre.gob.mx<\/p>\n<p><strong><em>\u201cDebido a la situaci\u00f3n que prevalece en el pa\u00eds, la Embajada permanecer\u00e1 cerrada y operar\u00e1 temporalmente de manera remota\u201d.<\/em><\/strong><\/p>\n<p>Ayer lunes, la Secretar\u00eda de Relaciones Exteriores (SRE) inform\u00f3 que dadas las condiciones que prevalecen en Ir\u00e1n,\u00a0<strong>la embajada estar\u00e1 operando desde Azerbaiy\u00e1n,<\/strong>\u00a0con el apoyo de la presentaci\u00f3n en Bak\u00fa.<\/p>\n<p>La canciller\u00eda se\u00f1al\u00f3 que el resto de las embajadas de M\u00e9xico en la regi\u00f3n siguen funcionando en alerta permanente, en contacto con las autoridades locales y la comunidad mexicana para la salida por las rutas terrestres m\u00e1s seguras que se tienen identificadas.<\/p>\n<div class=\"stream-item stream-item-in-post stream-item-inline-post aligncenter\">\n<div class=\"stream-item-size\"><\/div>\n<\/div>\n","protected":false},"excerpt":{"rendered":"<p>La\u00a0Embajada de M\u00e9xico\u00a0en Ir\u00e1n inform\u00f3 que debido a las condiciones que prevalecen en el pa\u00eds,\u00a0la embajada permanecer\u00e1 cerrada\u00a0y operar\u00e1 temporalmente de manera remota desde Azerbaiy\u00e1n. En su cuenta de X, la embajada mexicana indic\u00f3 que la secci\u00f3n consular seguir\u00e1 pendiente de la asistencia y protecci\u00f3n a mexicanos. Detall\u00f3 que por la reubicaci\u00f3n f\u00edsica de la [&hellip;]<\/p>\n","protected":false},"author":2,"featured_media":248514,"comment_status":"closed","ping_status":"closed","sticky":false,"template":"","format":"standard","meta":{"footnotes":""},"categories":[12870,172],"tags":[12865,12874],"class_list":["post-248513","post","type-post","status-publish","format-standard","has-post-thumbnail","hentry","category-destacadas","category-nacional","tag-destacadas","tag-nacional"],"jetpack_featured_media_url":"https:\/\/rnoticias.com.mx\/Portal\/wp-content\/uploads\/2026\/03\/Embajada-de-Mexico-en-Iran-cierra-temporalmente-ante-la-escalada-del-conflicto-belico-696x391-1.jpg","amp_enabled":true,"_links":{"self":[{"href":"https:\/\/rnoticias.com.mx\/Portal\/wp-json\/wp\/v2\/posts\/248513","targetHints":{"allow":["GET"]}}],"collection":[{"href":"https:\/\/rnoticias.com.mx\/Portal\/wp-json\/wp\/v2\/posts"}],"about":[{"href":"https:\/\/rnoticias.com.mx\/Portal\/wp-json\/wp\/v2\/types\/post"}],"author":[{"embeddable":true,"href":"https:\/\/rnoticias.com.mx\/Portal\/wp-json\/wp\/v2\/users\/2"}],"replies":[{"embeddable":true,"href":"https:\/\/rnoticias.com.mx\/Portal\/wp-json\/wp\/v2\/comments?post=248513"}],"version-history":[{"count":2,"href":"https:\/\/rnoticias.com.mx\/Portal\/wp-json\/wp\/v2\/posts\/248513\/revisions"}],"predecessor-version":[{"id":248516,"href":"https:\/\/rnoticias.com.mx\/Portal\/wp-json\/wp\/v2\/posts\/248513\/revisions\/248516"}],"wp:featuredmedia":[{"embeddable":true,"href":"https:\/\/rnoticias.com.mx\/Portal\/wp-json\/wp\/v2\/media\/248514"}],"wp:attachment":[{"href":"https:\/\/rnoticias.com.mx\/Portal\/wp-json\/wp\/v2\/media?parent=248513"}],"wp:term":[{"taxonomy":"category","embeddable":true,"href":"https:\/\/rnoticias.com.mx\/Portal\/wp-json\/wp\/v2\/categories?post=248513"},{"taxonomy":"post_tag","embeddable":true,"href":"https:\/\/rnoticias.com.mx\/Portal\/wp-json\/wp\/v2\/tags?post=248513"}],"curies":[{"name":"wp","href":"https:\/\/api.w.org\/{rel}","templated":true}]}}