{"id":248414,"date":"2026-03-10T17:30:43","date_gmt":"2026-03-11T00:30:43","guid":{"rendered":"https:\/\/rnoticias.com.mx\/Portal\/?p=248414"},"modified":"2026-03-10T17:30:43","modified_gmt":"2026-03-11T00:30:43","slug":"gobernador-durazo-convierte-a-sonora-en-lider-manufacturero-en-la-frontera-norte","status":"publish","type":"post","link":"https:\/\/rnoticias.com.mx\/Portal\/2026\/03\/10\/gobernador-durazo-convierte-a-sonora-en-lider-manufacturero-en-la-frontera-norte\/","title":{"rendered":"Gobernador Durazo convierte a Sonora en l\u00edder manufacturero en la frontera norte"},"content":{"rendered":"<p>Hermosillo, Sonora; 10 de marzo de 2026.- Con la estrategia de desarrollo industrial impulsada por el gobernador Alfonso Durazo Monta\u00f1o a trav\u00e9s del Plan Sonora de Energ\u00edas Sostenibles, la entidad sonorense se posiciona como uno de los motores manufactureros m\u00e1s din\u00e1micos del pa\u00eds, al registrar un crecimiento sostenido en la industria manufacturera de noviembre de 2021 a noviembre de 2025, pasando de 3.2 a 4.5 por ciento de incremento, respectivamente, el m\u00e1s alto entre los estados de la frontera norte y el cuarto a nivel nacional.<\/p>\n<p>El titular del Ejecutivo estatal precis\u00f3 que, de acuerdo con el Indicador Mensual de la Actividad Industrial por Entidad Federativa (IMAIEF) correspondiente a noviembre, en particular, la manufactura avanzada registr\u00f3 un crecimiento anual de 8.9 por ciento, el m\u00e1s importante dentro del sector, confirmando la transici\u00f3n de Sonora hacia actividades industriales de mayor contenido tecnol\u00f3gico.<\/p>\n<p>En t\u00e9rminos anuales, la actividad industrial de Sonora report\u00f3 un crecimiento de 0.6 por ciento en su conjunto; sin embargo, al interior de la estructura productiva destaca el s\u00f3lido desempe\u00f1o del sector manufacturero, que se consolida como uno de los principales pilares de la econom\u00eda estatal.<\/p>\n<p>El avance de este sector se vincula directamente con la estrategia del Plan Sonora de Energ\u00edas Sostenibles, iniciativa que ha permitido consolidar a la entidad como un polo emergente de innovaci\u00f3n industrial en el norte del pa\u00eds, al impulsar cadenas de valor asociadas a la electromovilidad, la transici\u00f3n energ\u00e9tica y la industria de semiconductores.<\/p>\n<p>Este resultado refleja el impacto de la pol\u00edtica de transformaci\u00f3n econ\u00f3mica promovida por el mandatario sonorense, enfocada en fortalecer la industria de alto valor agregado y atraer inversiones estrat\u00e9gicas que impulsen el desarrollo financiero de la entidad.<\/p>\n<p>Con estos avances, el gobernador Alfonso Durazo Monta\u00f1o fortalece la posici\u00f3n de Sonora dentro del mapa industrial nacional y refrenda su potencial como uno de los principales destinos para la inversi\u00f3n manufacturera de alto valor tecnol\u00f3gico en M\u00e9xico.<\/p>\n","protected":false},"excerpt":{"rendered":"<p>Hermosillo, Sonora; 10 de marzo de 2026.- Con la estrategia de desarrollo industrial impulsada por el gobernador Alfonso Durazo Monta\u00f1o a trav\u00e9s del Plan Sonora de Energ\u00edas Sostenibles, la entidad sonorense se posiciona como uno de los motores manufactureros m\u00e1s din\u00e1micos del pa\u00eds, al registrar un crecimiento sostenido en la industria manufacturera de noviembre de [&hellip;]<\/p>\n","protected":false},"author":2,"featured_media":248415,"comment_status":"closed","ping_status":"closed","sticky":false,"template":"","format":"standard","meta":{"footnotes":""},"categories":[12870,178],"tags":[12865,12869],"class_list":["post-248414","post","type-post","status-publish","format-standard","has-post-thumbnail","hentry","category-destacadas","category-local","tag-destacadas","tag-local"],"jetpack_featured_media_url":"https:\/\/rnoticias.com.mx\/Portal\/wp-content\/uploads\/2026\/03\/unnamed-1-14.jpg","amp_enabled":true,"_links":{"self":[{"href":"https:\/\/rnoticias.com.mx\/Portal\/wp-json\/wp\/v2\/posts\/248414","targetHints":{"allow":["GET"]}}],"collection":[{"href":"https:\/\/rnoticias.com.mx\/Portal\/wp-json\/wp\/v2\/posts"}],"about":[{"href":"https:\/\/rnoticias.com.mx\/Portal\/wp-json\/wp\/v2\/types\/post"}],"author":[{"embeddable":true,"href":"https:\/\/rnoticias.com.mx\/Portal\/wp-json\/wp\/v2\/users\/2"}],"replies":[{"embeddable":true,"href":"https:\/\/rnoticias.com.mx\/Portal\/wp-json\/wp\/v2\/comments?post=248414"}],"version-history":[{"count":1,"href":"https:\/\/rnoticias.com.mx\/Portal\/wp-json\/wp\/v2\/posts\/248414\/revisions"}],"predecessor-version":[{"id":248416,"href":"https:\/\/rnoticias.com.mx\/Portal\/wp-json\/wp\/v2\/posts\/248414\/revisions\/248416"}],"wp:featuredmedia":[{"embeddable":true,"href":"https:\/\/rnoticias.com.mx\/Portal\/wp-json\/wp\/v2\/media\/248415"}],"wp:attachment":[{"href":"https:\/\/rnoticias.com.mx\/Portal\/wp-json\/wp\/v2\/media?parent=248414"}],"wp:term":[{"taxonomy":"category","embeddable":true,"href":"https:\/\/rnoticias.com.mx\/Portal\/wp-json\/wp\/v2\/categories?post=248414"},{"taxonomy":"post_tag","embeddable":true,"href":"https:\/\/rnoticias.com.mx\/Portal\/wp-json\/wp\/v2\/tags?post=248414"}],"curies":[{"name":"wp","href":"https:\/\/api.w.org\/{rel}","templated":true}]}}