{"id":248405,"date":"2026-03-10T16:28:04","date_gmt":"2026-03-10T23:28:04","guid":{"rendered":"https:\/\/rnoticias.com.mx\/Portal\/?p=248405"},"modified":"2026-03-10T16:28:04","modified_gmt":"2026-03-10T23:28:04","slug":"gobierno-de-sonora-y-canacintra-invitan-a-la-expo-empleo-en-hermosillo","status":"publish","type":"post","link":"https:\/\/rnoticias.com.mx\/Portal\/2026\/03\/10\/gobierno-de-sonora-y-canacintra-invitan-a-la-expo-empleo-en-hermosillo\/","title":{"rendered":"Gobierno de Sonora y Canacintra invitan a la Expo Empleo en Hermosillo"},"content":{"rendered":"<table border=\"0\" width=\"100%\" cellspacing=\"0\" cellpadding=\"0\">\n<tbody>\n<tr>\n<td>\n<table class=\"m_-8876290523765039286text\" border=\"0\" width=\"100%\" cellspacing=\"0\" cellpadding=\"0\">\n<tbody>\n<tr>\n<td class=\"m_-8876290523765039286text_content-cell m_-8876290523765039286content-padding-horizontal\" align=\"left\" valign=\"top\">Hermosillo, Sonora; 10 de marzo de 2026.- Para generar mayores oportunidades de empleo, el Gobierno de Sonora, a trav\u00e9s de la Secretar\u00eda del Trabajo, en colaboraci\u00f3n con Canacintra Hermosillo, realizar\u00e1 la segunda Expo Empleo.<\/p>\n<p>El evento se llevar\u00e1 a cabo el pr\u00f3ximo mi\u00e9rcoles 11 de marzo, de 9:00 de la ma\u00f1ana a 2:00 de la tarde, en las instalaciones de Canacintra, ubicadas en el bulevar Luis Encinas, colonia Los Naranjos, en Hermosillo.<\/p>\n<p>Josse Andrea Ru\u00edz Carrasco, subsecretaria de Promoci\u00f3n del Empleo de la Secretar\u00eda del Trabajo, resalt\u00f3 que este tipo de actividades son gratuitas y permiten a las personas buscadoras de empleo acceder a m\u00faltiples oportunidades laborales en un solo lugar.<\/p>\n<p>Por su parte, el director general de Canacintra Hermosillo, Jos\u00e9 Aguiar, inform\u00f3 que entre las m\u00e1s de 300 vacantes disponibles se encuentran puestos como atenci\u00f3n al cliente, telemarketing, agentes de seguros, desarrolladores de software, promotores de ventas y gerentes de sucursal, entre otros.<\/p>\n<p>El Gobierno de Sonora, encabezado por el gobernador Alfonso Durazo, mantiene el compromiso de trabajar de manera coordinada con el sector privado para impulsar la generaci\u00f3n de empleos dignos y fortalecer el desarrollo econ\u00f3mico en beneficio de las y los sonorenses.<\/td>\n<\/tr>\n<\/tbody>\n<\/table>\n<\/td>\n<\/tr>\n<\/tbody>\n<\/table>\n<table class=\"m_-8876290523765039286image\" border=\"0\" width=\"100%\" cellspacing=\"0\" cellpadding=\"0\">\n<tbody>\n<tr>\n<td class=\"m_-8876290523765039286image_container m_-8876290523765039286content-padding-horizontal\" align=\"center\" valign=\"top\"><\/td>\n<\/tr>\n<\/tbody>\n<\/table>\n","protected":false},"excerpt":{"rendered":"<p>Hermosillo, Sonora; 10 de marzo de 2026.- Para generar mayores oportunidades de empleo, el Gobierno de Sonora, a trav\u00e9s de la Secretar\u00eda del Trabajo, en colaboraci\u00f3n con Canacintra Hermosillo, realizar\u00e1 la segunda Expo Empleo. El evento se llevar\u00e1 a cabo el pr\u00f3ximo mi\u00e9rcoles 11 de marzo, de 9:00 de la ma\u00f1ana a 2:00 de la [&hellip;]<\/p>\n","protected":false},"author":2,"featured_media":248406,"comment_status":"closed","ping_status":"closed","sticky":false,"template":"","format":"standard","meta":{"footnotes":""},"categories":[12870,178],"tags":[12865,12869],"class_list":["post-248405","post","type-post","status-publish","format-standard","has-post-thumbnail","hentry","category-destacadas","category-local","tag-destacadas","tag-local"],"jetpack_featured_media_url":"https:\/\/rnoticias.com.mx\/Portal\/wp-content\/uploads\/2026\/03\/03-1.jpg","amp_enabled":true,"_links":{"self":[{"href":"https:\/\/rnoticias.com.mx\/Portal\/wp-json\/wp\/v2\/posts\/248405","targetHints":{"allow":["GET"]}}],"collection":[{"href":"https:\/\/rnoticias.com.mx\/Portal\/wp-json\/wp\/v2\/posts"}],"about":[{"href":"https:\/\/rnoticias.com.mx\/Portal\/wp-json\/wp\/v2\/types\/post"}],"author":[{"embeddable":true,"href":"https:\/\/rnoticias.com.mx\/Portal\/wp-json\/wp\/v2\/users\/2"}],"replies":[{"embeddable":true,"href":"https:\/\/rnoticias.com.mx\/Portal\/wp-json\/wp\/v2\/comments?post=248405"}],"version-history":[{"count":1,"href":"https:\/\/rnoticias.com.mx\/Portal\/wp-json\/wp\/v2\/posts\/248405\/revisions"}],"predecessor-version":[{"id":248407,"href":"https:\/\/rnoticias.com.mx\/Portal\/wp-json\/wp\/v2\/posts\/248405\/revisions\/248407"}],"wp:featuredmedia":[{"embeddable":true,"href":"https:\/\/rnoticias.com.mx\/Portal\/wp-json\/wp\/v2\/media\/248406"}],"wp:attachment":[{"href":"https:\/\/rnoticias.com.mx\/Portal\/wp-json\/wp\/v2\/media?parent=248405"}],"wp:term":[{"taxonomy":"category","embeddable":true,"href":"https:\/\/rnoticias.com.mx\/Portal\/wp-json\/wp\/v2\/categories?post=248405"},{"taxonomy":"post_tag","embeddable":true,"href":"https:\/\/rnoticias.com.mx\/Portal\/wp-json\/wp\/v2\/tags?post=248405"}],"curies":[{"name":"wp","href":"https:\/\/api.w.org\/{rel}","templated":true}]}}