{"id":248402,"date":"2026-03-10T16:27:11","date_gmt":"2026-03-10T23:27:11","guid":{"rendered":"https:\/\/rnoticias.com.mx\/Portal\/?p=248402"},"modified":"2026-03-10T16:27:11","modified_gmt":"2026-03-10T23:27:11","slug":"tec-de-monterrey-impulsa-el-liderazgo-femenino-en-el-panel-voces-que-abren-camino","status":"publish","type":"post","link":"https:\/\/rnoticias.com.mx\/Portal\/2026\/03\/10\/tec-de-monterrey-impulsa-el-liderazgo-femenino-en-el-panel-voces-que-abren-camino\/","title":{"rendered":"Tec de Monterrey impulsa el liderazgo femenino en el panel &#8220;Voces que abren camino&#8221;"},"content":{"rendered":"<div><span style=\"font-family: Aptos; font-size: small;\"><b>Hermosillo, Sonora a 10 de marzo 2026.-<\/b>\u00a0Buscando generar un espacio de di\u00e1logo e inspiraci\u00f3n para j\u00f3venes, el Tec de Monterrey campus Sonora Norte organiz\u00f3 el panel \u201cVoces que abren camino: mujeres en la vida p\u00fablica\u201d con Paulina Oca\u00f1a, jefa de oficina del Gobernador de Sonora; Jeanette Arriz\u00f3n, titular de la Unidad T\u00e9cnica para la Igualdad de G\u00e9nero en el Congreso del Estado; Ang\u00e9lica Fern\u00e1ndez, jueza especializada en violencia de g\u00e9nero y Katia Aguilar, estudiante de la Licenciatura en Derecho del Tec de Monterrey, quien fungi\u00f3 como moderadora.<\/span><\/div>\n<div><\/div>\n<div><span style=\"font-family: Aptos; font-size: small;\">A trav\u00e9s del testimonio de mujeres que participan en la vida p\u00fablica, este espacio fue un foro para visibilizar sus trayectorias, reflexionar sobre los retos del liderazgo femenino en lo p\u00fablico y motivar la participaci\u00f3n de nuevas generaciones en la construcci\u00f3n de la vida democr\u00e1tica y social.<\/span><\/div>\n<div><\/div>\n<div><span style=\"font-family: Aptos; font-size: small;\">Ante una audiencia de m\u00e1s de cien estudiantes de diferentes programas del campus, tanto de profesional como de PrepaTec, Oca\u00f1a comparti\u00f3 su experiencia sobre la presi\u00f3n de ser joven en un cargo de liderazgo, destacando la importancia de la lucha por la representaci\u00f3n femenina. \u201cA veces vemos la presi\u00f3n como algo negativo. Yo creo que la presi\u00f3n es un privilegio. Cuando sientes presi\u00f3n no es porque est\u00e1s jugando por algo menor. Al contrario, creo que eso es un indicador de que lo que est\u00e1 en juego es importante, que vale la pena&#8221;, opin\u00f3.<\/span><\/div>\n<div><\/div>\n<div><span style=\"font-family: Aptos; font-size: small;\">Arriz\u00f3n enfatiz\u00f3 que la paridad debe ser sustantiva y no solo estad\u00edstica, y que la representaci\u00f3n pol\u00edtica debe reflejar las necesidades reales de las mujeres. <\/span><\/div>\n<div><\/div>\n<div><span style=\"font-family: Aptos; font-size: small;\">&#8220;El reto sigue siendo que la representaci\u00f3n pol\u00edtica de las mujeres se traduzca en la vida de las mujeres cotidianas&#8221;, asever\u00f3.<\/span><\/div>\n<div><\/div>\n<div><span style=\"font-family: Aptos; font-size: small;\">Fern\u00e1ndez relat\u00f3 su motivaci\u00f3n para ser jueza, impulsada por experiencias de injusticia y su deseo de garantizar que las leyes sean justas. Resaltando la importancia de usar su voz como herramienta de cambio y la responsabilidad de abrir camino para otras mujeres, coment\u00f3: \u201cSi tengo la oportunidad de ense\u00f1arle a una persona que no se quede callada y que busque y exija sus derechos, lo voy a hacer&#8221;.<\/span><\/div>\n<div><\/div>\n<div><span style=\"font-family: Aptos; font-size: small;\">&#8220;T\u00fa tambi\u00e9n tienes la obligaci\u00f3n moral y \u00e9tica de abrir esas mismas puertas que t\u00fa encontraste abiertas, de darte la vuelta y abrir la puerta para que lleguen m\u00e1s generaciones&#8221;, a\u00f1adi\u00f3 Oca\u00f1a.<\/span><\/div>\n<div><\/div>\n<div><span style=\"font-family: Aptos; font-size: small;\">El panel concluy\u00f3 con una reflexi\u00f3n sobre la responsabilidad \u00e9tica de quienes ocupan espacios p\u00fablicos para abrir brecha a quienes vienen detr\u00e1s. Las panelistas coincidieron en la necesidad de prepararse y actuar con determinaci\u00f3n para enfrentar los desaf\u00edos y promover cambios significativos en la sociedad, enfatizando la importancia de la solidaridad femenina.<\/span><\/div>\n<div><\/div>\n<div><span style=\"font-family: Aptos; font-size: small;\">&#8220;Vu\u00e9lvanse aliadas de otras mujeres. Y creo que con eso ya cambiamos mucho en la participaci\u00f3n pol\u00edtica. Siempre hay lugar para alguien m\u00e1s&#8221;, recomend\u00f3 Arriz\u00f3n.<\/span><\/div>\n","protected":false},"excerpt":{"rendered":"<p>Hermosillo, Sonora a 10 de marzo 2026.-\u00a0Buscando generar un espacio de di\u00e1logo e inspiraci\u00f3n para j\u00f3venes, el Tec de Monterrey campus Sonora Norte organiz\u00f3 el panel \u201cVoces que abren camino: mujeres en la vida p\u00fablica\u201d con Paulina Oca\u00f1a, jefa de oficina del Gobernador de Sonora; Jeanette Arriz\u00f3n, titular de la Unidad T\u00e9cnica para la Igualdad [&hellip;]<\/p>\n","protected":false},"author":2,"featured_media":248403,"comment_status":"closed","ping_status":"closed","sticky":false,"template":"","format":"standard","meta":{"footnotes":""},"categories":[12870,178],"tags":[12865,12869],"class_list":["post-248402","post","type-post","status-publish","format-standard","has-post-thumbnail","hentry","category-destacadas","category-local","tag-destacadas","tag-local"],"jetpack_featured_media_url":"https:\/\/rnoticias.com.mx\/Portal\/wp-content\/uploads\/2026\/03\/unnamed-4-3-scaled.jpg","amp_enabled":true,"_links":{"self":[{"href":"https:\/\/rnoticias.com.mx\/Portal\/wp-json\/wp\/v2\/posts\/248402","targetHints":{"allow":["GET"]}}],"collection":[{"href":"https:\/\/rnoticias.com.mx\/Portal\/wp-json\/wp\/v2\/posts"}],"about":[{"href":"https:\/\/rnoticias.com.mx\/Portal\/wp-json\/wp\/v2\/types\/post"}],"author":[{"embeddable":true,"href":"https:\/\/rnoticias.com.mx\/Portal\/wp-json\/wp\/v2\/users\/2"}],"replies":[{"embeddable":true,"href":"https:\/\/rnoticias.com.mx\/Portal\/wp-json\/wp\/v2\/comments?post=248402"}],"version-history":[{"count":1,"href":"https:\/\/rnoticias.com.mx\/Portal\/wp-json\/wp\/v2\/posts\/248402\/revisions"}],"predecessor-version":[{"id":248404,"href":"https:\/\/rnoticias.com.mx\/Portal\/wp-json\/wp\/v2\/posts\/248402\/revisions\/248404"}],"wp:featuredmedia":[{"embeddable":true,"href":"https:\/\/rnoticias.com.mx\/Portal\/wp-json\/wp\/v2\/media\/248403"}],"wp:attachment":[{"href":"https:\/\/rnoticias.com.mx\/Portal\/wp-json\/wp\/v2\/media?parent=248402"}],"wp:term":[{"taxonomy":"category","embeddable":true,"href":"https:\/\/rnoticias.com.mx\/Portal\/wp-json\/wp\/v2\/categories?post=248402"},{"taxonomy":"post_tag","embeddable":true,"href":"https:\/\/rnoticias.com.mx\/Portal\/wp-json\/wp\/v2\/tags?post=248402"}],"curies":[{"name":"wp","href":"https:\/\/api.w.org\/{rel}","templated":true}]}}