{"id":248389,"date":"2026-03-10T11:42:51","date_gmt":"2026-03-10T18:42:51","guid":{"rendered":"https:\/\/rnoticias.com.mx\/Portal\/?p=248389"},"modified":"2026-03-10T11:42:51","modified_gmt":"2026-03-10T18:42:51","slug":"colaboran-familias-de-la-colonia-cafe-combate-en-hermosillo-en-la-generacion-de-entornos-seguros-sspc","status":"publish","type":"post","link":"https:\/\/rnoticias.com.mx\/Portal\/2026\/03\/10\/colaboran-familias-de-la-colonia-cafe-combate-en-hermosillo-en-la-generacion-de-entornos-seguros-sspc\/","title":{"rendered":"Colaboran familias de la colonia Caf\u00e9 Combate en Hermosillo en la generaci\u00f3n de entornos seguros: SSPC"},"content":{"rendered":"<p>Hermosillo, Sonora; 10 de marzo de 2026.- Familias que habitan en el sector de la colonia Caf\u00e9 Combate en Hermosillo colaboran en el trabajo y actividades para generar entornos seguros para la ni\u00f1ez y juventud que realiza la Secretar\u00eda de Seguridad y Protecci\u00f3n Ciudadana (SSPC) en Sonora en coordinaci\u00f3n con el Fondo de las Naciones Unidas para la Infancia (Unicef) y la Fundaci\u00f3n Juconi M\u00e9xico.<\/p>\n<p>Con gran inter\u00e9s los vecinos del sector participan en la estrategia de la Jornada Permanente por la Paz que incluye el mejoramiento de espacios p\u00fablicos donde las ni\u00f1as, ni\u00f1os y adolescentes del pol\u00edgono puedan practicar deportes y actividades para el sano esparcimiento.<\/p>\n<p>A trav\u00e9s del Centro de Prevenci\u00f3n del Delito y Participaci\u00f3n Ciudadana, se llevan a cabo en la colonia acciones que incluyen las cuatro principales vertientes de la Jornada:<\/p>\n<p>\u2022 Proximidad Policial<\/p>\n<p>\u2022 Rescate de espacios p\u00fablicos<\/p>\n<p>\u2022 Reconstrucci\u00f3n del tejido social<\/p>\n<p>\u2022 Recreaci\u00f3n social<\/p>\n<p>Las y los habitantes que residen en este pol\u00edgono, son ejemplo de compromiso e inter\u00e9s por coadyuvar en la estrategia de seguridad que el Gobierno de Sonora ha implementado y espec\u00edficamente en este asentamiento de forma conjunta con Unicef y la organizaci\u00f3n Juconi M\u00e9xico cuya funci\u00f3n es la de brindar atenci\u00f3n profesional, a trav\u00e9s de programas, a ni\u00f1as y ni\u00f1os en situaci\u00f3n de calle y en riesgo o expuestos a la violencia familiar.<\/p>\n<p>En esta colaboraci\u00f3n, tambi\u00e9n interviene la Divisi\u00f3n de Proximidad Ciudadana de la Polic\u00eda Estatal de Seguridad P\u00fablica (PESP) generando confianza y entre las y los residentes. Las y los oficiales aprovechan las tardes para convivir con la ni\u00f1ez y juventud, a quienes invitan a ser activos Promotores de la Paz tanto en sus escuelas, hogares y comunidad.<\/p>\n<p>Asimismo, los elementos de la corporaci\u00f3n promueven entre las y los menores la pr\u00e1ctica diaria de valores, organizan torneos deportivos e informan a las familias sobre programas para prevenir violencias, la descarga de las aplicaciones m\u00f3viles Antiextorsi\u00f3n Sonora, Mujeres Seguras y 089 Denuncia An\u00f3nima de delitos.<\/p>\n","protected":false},"excerpt":{"rendered":"<p>Hermosillo, Sonora; 10 de marzo de 2026.- Familias que habitan en el sector de la colonia Caf\u00e9 Combate en Hermosillo colaboran en el trabajo y actividades para generar entornos seguros para la ni\u00f1ez y juventud que realiza la Secretar\u00eda de Seguridad y Protecci\u00f3n Ciudadana (SSPC) en Sonora en coordinaci\u00f3n con el Fondo de las Naciones [&hellip;]<\/p>\n","protected":false},"author":2,"featured_media":248390,"comment_status":"closed","ping_status":"closed","sticky":false,"template":"","format":"standard","meta":{"footnotes":""},"categories":[12870,178],"tags":[12865,12869],"class_list":["post-248389","post","type-post","status-publish","format-standard","has-post-thumbnail","hentry","category-destacadas","category-local","tag-destacadas","tag-local"],"jetpack_featured_media_url":"https:\/\/rnoticias.com.mx\/Portal\/wp-content\/uploads\/2026\/03\/unnamed-2-8.jpg","amp_enabled":true,"_links":{"self":[{"href":"https:\/\/rnoticias.com.mx\/Portal\/wp-json\/wp\/v2\/posts\/248389","targetHints":{"allow":["GET"]}}],"collection":[{"href":"https:\/\/rnoticias.com.mx\/Portal\/wp-json\/wp\/v2\/posts"}],"about":[{"href":"https:\/\/rnoticias.com.mx\/Portal\/wp-json\/wp\/v2\/types\/post"}],"author":[{"embeddable":true,"href":"https:\/\/rnoticias.com.mx\/Portal\/wp-json\/wp\/v2\/users\/2"}],"replies":[{"embeddable":true,"href":"https:\/\/rnoticias.com.mx\/Portal\/wp-json\/wp\/v2\/comments?post=248389"}],"version-history":[{"count":1,"href":"https:\/\/rnoticias.com.mx\/Portal\/wp-json\/wp\/v2\/posts\/248389\/revisions"}],"predecessor-version":[{"id":248391,"href":"https:\/\/rnoticias.com.mx\/Portal\/wp-json\/wp\/v2\/posts\/248389\/revisions\/248391"}],"wp:featuredmedia":[{"embeddable":true,"href":"https:\/\/rnoticias.com.mx\/Portal\/wp-json\/wp\/v2\/media\/248390"}],"wp:attachment":[{"href":"https:\/\/rnoticias.com.mx\/Portal\/wp-json\/wp\/v2\/media?parent=248389"}],"wp:term":[{"taxonomy":"category","embeddable":true,"href":"https:\/\/rnoticias.com.mx\/Portal\/wp-json\/wp\/v2\/categories?post=248389"},{"taxonomy":"post_tag","embeddable":true,"href":"https:\/\/rnoticias.com.mx\/Portal\/wp-json\/wp\/v2\/tags?post=248389"}],"curies":[{"name":"wp","href":"https:\/\/api.w.org\/{rel}","templated":true}]}}