{"id":248377,"date":"2026-03-09T21:57:12","date_gmt":"2026-03-10T04:57:12","guid":{"rendered":"https:\/\/rnoticias.com.mx\/Portal\/?p=248377"},"modified":"2026-03-09T21:57:12","modified_gmt":"2026-03-10T04:57:12","slug":"claudia-sheinbaum-reacciona-a-dichos-de-trump","status":"publish","type":"post","link":"https:\/\/rnoticias.com.mx\/Portal\/2026\/03\/09\/claudia-sheinbaum-reacciona-a-dichos-de-trump\/","title":{"rendered":"Claudia Sheinbaum reacciona a dichos de Trump"},"content":{"rendered":"<p>Luego que el presidente de EU, Donald Trump, afirm\u00f3 que<strong><em>\u00a0\u201cM\u00e9xico es el epicentro de la violencia de los c\u00e1rteles\u201d<\/em><\/strong>, la presidenta\u00a0<strong>Claudia Sheinbaum Pardo\u00a0<\/strong>se\u00f1al\u00f3 que si el pa\u00eds vecino quiere ayudar en su combate, que detenga el tr\u00e1fico ilegal de armas a nuestro pa\u00eds.<\/p>\n<p>Indic\u00f3 que sin este armamento de alto poder, estos grupos no podr\u00e1n realizar sus actividades delincuenciales.<\/p>\n<p>La jefa del Ejecutivo federal se\u00f1al\u00f3 que otra medida que puede llevar a cabo el gobierno de la Uni\u00f3n Americana es\u00a0<strong>la disminuci\u00f3n del consumo de drogas en su pa\u00eds.<\/strong><\/p>\n<div id=\"eldia-50869096\" class=\"eldia-contenido eldia-target\" data-eldia-trackid=\"1573641\" data-eldia-trackbid=\"1\"><\/div>\n<div id=\"eldia-3425314310\" class=\"eldia-contenido-3 eldia-target\" data-eldia-trackid=\"1863715\" data-eldia-trackbid=\"1\"><\/div>\n<p>\u201cCreemos que hay algo en los que nos puede ayudar mucho Estados Unidos: que detenga el tr\u00e1fico de armas ilegales de Estados Unidos a M\u00e9xico. Los grupos delincuenciales, la delincuencia organizada, el armamento que tienen; por lo menos el 75% -reconocido por el propio Departamento de Justicia de los Estados Unidos- viene de los Estados Unidos. S\u00ed, para la entrada de armas ilegales de Estados Unidos a M\u00e9xico, pues estos grupos no van a tener este tipo de armamento de alto poder para poder realizar sus actividades delincuenciales\u201d.<\/p>\n<p><strong><em>\u201cEntonces es algo en lo que Estados Unidos nos puede ayudar much\u00edsimo, much\u00edsimo, y la otra que hemos mencionado en otras ocasiones, muy importante, es la disminuci\u00f3n del consumo de drogas en los Estados Unidos\u201d,<\/em><\/strong>\u00a0se\u00f1al\u00f3.<\/p>\n<p>Desde el Hospital Oncol\u00f3gico de la Mujer en la alcald\u00eda Gustavo A. Madero, donde se llev\u00f3 a cabo la conferencia matutina de la presidenta Claudia Sheinbaum Pardo, la Mandataria federal destac\u00f3 que el Donald Trump haya dicho p\u00fablicamente que el Gobierno de M\u00e9xico ha rechazado la propuesta de que el Ej\u00e9rcito estadounidense entre a combatir a los grupos criminales en territorio mexicano\u00a0<strong><em>\u201cy orgullosamente seguimos diciendo que no\u201d.<\/em><\/strong><\/p>\n<div class=\"stream-item stream-item-in-post stream-item-inline-post aligncenter\">\n<div class=\"stream-item-size\"><\/div>\n<\/div>\n<p>Reiter\u00f3 que se colabora y se coopera con inteligencia y otras actividades en cuestiones de seguridad, pero indic\u00f3 que las operaciones en M\u00e9xico las realizan las Fuerzas Armadas o la Secretar\u00eda de Seguridad (SSPC), la Guardia Nacional (GN) o las polic\u00edas estatales y las fiscal\u00edas.<\/p>\n<p>\u201cQu\u00e9 bueno que el presidente Trump dice p\u00fablicamente que cuando nos ha propuesto que entre el ej\u00e9rcito de Estados Unidos a M\u00e9xico, hemos dicho que no, porque la verdad hemos dicho que no, y orgullosamente seguimos diciendo que no\u201d.<\/p>\n<p>\u201c<strong><em>Que colaboramos y cooperamos en inteligencia y en otras actividades relacionadas con la seguridad, pero que las operaciones en M\u00e9xico las realizan las Fuerzas Armadas o la Secretar\u00eda de Seguridad, la Guardia Nacional o las polic\u00edas estatales y las fiscal\u00edas. Entonces, en efecto, hemos dicho que no, y hemos avanzado\u201d,<\/em><\/strong>\u00a0declar\u00f3.<\/p>\n<h2 class=\"wp-block-heading\">Donald Trump afirma que M\u00e9xico es \u201cepicentro de violencia de los c\u00e1rteles<\/h2>\n<p>Este s\u00e1bado, el presidente de Estados Unidos, Donald Trump, afirm\u00f3 que<strong><em>\u00a0\u201cM\u00e9xico es el epicentro de la violencia de los carteles\u201d<\/em><\/strong>, aunque dijo que la presidenta mexicana, Claudia Sheinbaum, es una \u201cmuy buena persona\u201d con una \u201cvoz hermosa\u201d.<\/p>\n<p>Trump dijo que\u00a0<strong><em>\u201cas\u00ed como erradicamos ISIS en Medio Oriente, debemos hacer lo mismo para erradicar a los c\u00e1rteles en casa\u201d.<\/em><\/strong><\/p>\n<p>Manifest\u00f3 que \u201c<strong><em>como parte de nuestro compromiso para contrarrestar la presencia de los c\u00e1rteles en la regi\u00f3n, debemos reconocer que el epicentro de la violencia de los c\u00e1rteles es M\u00e9xico\u201d.<\/em><\/strong><\/p>\n","protected":false},"excerpt":{"rendered":"<p>Luego que el presidente de EU, Donald Trump, afirm\u00f3 que\u00a0\u201cM\u00e9xico es el epicentro de la violencia de los c\u00e1rteles\u201d, la presidenta\u00a0Claudia Sheinbaum Pardo\u00a0se\u00f1al\u00f3 que si el pa\u00eds vecino quiere ayudar en su combate, que detenga el tr\u00e1fico ilegal de armas a nuestro pa\u00eds. Indic\u00f3 que sin este armamento de alto poder, estos grupos no podr\u00e1n [&hellip;]<\/p>\n","protected":false},"author":2,"featured_media":248378,"comment_status":"closed","ping_status":"closed","sticky":false,"template":"","format":"standard","meta":{"footnotes":""},"categories":[12870,12868],"tags":[12865,12879],"class_list":["post-248377","post","type-post","status-publish","format-standard","has-post-thumbnail","hentry","category-destacadas","category-politica","tag-destacadas","tag-politica"],"jetpack_featured_media_url":"https:\/\/rnoticias.com.mx\/Portal\/wp-content\/uploads\/2026\/03\/claudia-sheinbaum-donald-trump-jpg.webp","amp_enabled":true,"_links":{"self":[{"href":"https:\/\/rnoticias.com.mx\/Portal\/wp-json\/wp\/v2\/posts\/248377","targetHints":{"allow":["GET"]}}],"collection":[{"href":"https:\/\/rnoticias.com.mx\/Portal\/wp-json\/wp\/v2\/posts"}],"about":[{"href":"https:\/\/rnoticias.com.mx\/Portal\/wp-json\/wp\/v2\/types\/post"}],"author":[{"embeddable":true,"href":"https:\/\/rnoticias.com.mx\/Portal\/wp-json\/wp\/v2\/users\/2"}],"replies":[{"embeddable":true,"href":"https:\/\/rnoticias.com.mx\/Portal\/wp-json\/wp\/v2\/comments?post=248377"}],"version-history":[{"count":1,"href":"https:\/\/rnoticias.com.mx\/Portal\/wp-json\/wp\/v2\/posts\/248377\/revisions"}],"predecessor-version":[{"id":248379,"href":"https:\/\/rnoticias.com.mx\/Portal\/wp-json\/wp\/v2\/posts\/248377\/revisions\/248379"}],"wp:featuredmedia":[{"embeddable":true,"href":"https:\/\/rnoticias.com.mx\/Portal\/wp-json\/wp\/v2\/media\/248378"}],"wp:attachment":[{"href":"https:\/\/rnoticias.com.mx\/Portal\/wp-json\/wp\/v2\/media?parent=248377"}],"wp:term":[{"taxonomy":"category","embeddable":true,"href":"https:\/\/rnoticias.com.mx\/Portal\/wp-json\/wp\/v2\/categories?post=248377"},{"taxonomy":"post_tag","embeddable":true,"href":"https:\/\/rnoticias.com.mx\/Portal\/wp-json\/wp\/v2\/tags?post=248377"}],"curies":[{"name":"wp","href":"https:\/\/api.w.org\/{rel}","templated":true}]}}