{"id":248371,"date":"2026-03-09T21:51:43","date_gmt":"2026-03-10T04:51:43","guid":{"rendered":"https:\/\/rnoticias.com.mx\/Portal\/?p=248371"},"modified":"2026-03-09T21:51:43","modified_gmt":"2026-03-10T04:51:43","slug":"reafirma-guadalupe-taddei-su-compromiso-de-garantizar-derechos-politicos-electorales-de-las-mujeres-para-la-igualdad-sustantiva","status":"publish","type":"post","link":"https:\/\/rnoticias.com.mx\/Portal\/2026\/03\/09\/reafirma-guadalupe-taddei-su-compromiso-de-garantizar-derechos-politicos-electorales-de-las-mujeres-para-la-igualdad-sustantiva\/","title":{"rendered":"Reafirma Guadalupe Taddei su compromiso de garantizar derechos pol\u00edticos-electorales de las mujeres para la igualdad sustantiva"},"content":{"rendered":"<p><span data-olk-copy-source=\"MessageBody\">En el contexto de la LV Asamblea General Ordinaria de la Asociaci\u00f3n Mexicana de Consejeras Estatales Electorales (AMCEE), dedicada a la conmemoraci\u00f3n del D\u00eda Internacional de las Mujeres, la Consejera Presidenta del Instituto Nacional Electoral (INE), Guadalupe Taddei Zavala, afirm\u00f3 que el Instituto tiene el compromiso de garantizar los derechos pol\u00edticos y electorales de las mujeres en t\u00e9rminos de igualdad sustantiva, y seguir\u00e1 colaborando en el impulso de nuevas pol\u00edticas, capacitaciones y mecanismos de protecci\u00f3n.<\/span><\/p>\n<p>&nbsp;<\/p>\n<p>En voz de la Secretaria Ejecutiva del INE, Claudia Arlette Espino, enfatiz\u00f3: \u201csigamos avanzando juntas, sigamos defendiendo la paridad sustantiva, sigamos garantizando que cada mujer que decida participar en pol\u00edtica, lo haga en libertad y en igualdad de condiciones, porque una democracia con m\u00e1s mujeres participando, decidiendo y gobernando es una democracia m\u00e1s fuerte, m\u00e1s justa, equitativa y m\u00e1s leg\u00edtima\u201d, se\u00f1al\u00f3.<\/p>\n<p>&nbsp;<\/p>\n<p>Al recibir la designaci\u00f3n como asociada honor\u00edfica de la AMCEE, por su calidad moral y contribuci\u00f3n a la vida democr\u00e1tica de M\u00e9xico, Taddei Zavala dijo que el reconocimiento simboliza el trabajo colectivo de quienes han impulsado la defensa de los derechos pol\u00edticos y electorales de las mujeres. \u201cAgradezco este honor; no lo recibo a t\u00edtulo personal, sino como un s\u00edmbolo del camino que hemos recorrido juntas para reforzar la igualdad sustantiva\u201d, expres\u00f3.<\/p>\n<p>&nbsp;<\/p>\n<p>En el Auditorio del INE, ante 113 integrantes de la AMCEE \u201482 de forma presencial y 31 de manera virtual\u2014, la Consejera Presidenta record\u00f3 que el INE continuar\u00e1 colaborando con organizaciones y autoridades electorales en el impulso de nuevas pol\u00edticas, capacitaciones y mecanismos de protecci\u00f3n que permitan avanzar en la paridad sustantiva y garantizar que cada mujer que decida participar en pol\u00edtica lo haga en libertad y en igualdad de condiciones.<\/p>\n<p>&nbsp;<\/p>\n<p>Taddei Zavala tambi\u00e9n advirti\u00f3 que, pese a los avances alcanzados en materia de paridad de g\u00e9nero, estos a\u00fan resultan insuficientes para garantizar una representaci\u00f3n pol\u00edtica plenamente equitativa, debido a que persisten barreras estructurales, culturales y sociales que limitan la participaci\u00f3n de las mujeres en la toma de decisiones. En ese sentido, resalt\u00f3 la necesidad de fortalecer alianzas para enfrentar resistencias y nuevas formas de violencia pol\u00edtica, como la digital que, mediante el anonimato y el uso de Inteligencia Artificial, permite manipular im\u00e1genes y contenidos para afectar a mujeres que participan en la vida p\u00fablica.<\/p>\n<p>&nbsp;<\/p>\n<p>Durante su intervenci\u00f3n, la Consejera Rita Bell L\u00f3pez Vences, quien tambi\u00e9n recibi\u00f3 la distinci\u00f3n de asociada honor\u00edfica por su trayectoria profesional y su lucha en favor de la igualdad sustantiva, los pueblos ind\u00edgenas y de la diversidad sexual, manifest\u00f3 que el reconocimiento representa la labor de mujeres que han construido redes de apoyo y colaboraci\u00f3n en el \u00e1mbito electoral.<\/p>\n<p>Indic\u00f3 que los logros atribuidos a su trayectoria son resultado del acompa\u00f1amiento, el intercambio de experiencias y el trabajo conjunto con otras consejeras y especialistas, quienes han impulsado la participaci\u00f3n pol\u00edtica de las mujeres. \u201cNo es un esfuerzo m\u00edo, sino gracias a redes de mujeres\u2026 entre todas \u00edbamos hablando a ver qu\u00e9 hac\u00edamos\u201d, expres\u00f3.<\/p>\n<p>&nbsp;<\/p>\n<p>Como asociada honor\u00edfica de AMCEE, la Consejera Carla Humphrey Jordan subray\u00f3 la necesidad de impulsar reformas que garanticen la paridad, no s\u00f3lo en la integraci\u00f3n de cargos p\u00fablicos, sino tambi\u00e9n en los espacios de decisi\u00f3n. Mencion\u00f3 que ha propuesto medidas para establecer alternancia de g\u00e9nero en presidencias municipales, dirigencias de partidos pol\u00edticos y \u00f3rganos de gobierno del Poder Judicial de la Federaci\u00f3n, as\u00ed como para asegurar la integraci\u00f3n paritaria de comisiones legislativas y \u00f3rganos de direcci\u00f3n en las c\u00e1maras del Congreso.<\/p>\n<p>&nbsp;<\/p>\n<p>Humphrey Jordan tambi\u00e9n llam\u00f3 a fortalecer la coordinaci\u00f3n entre mujeres en las entidades federativas para identificar regresiones en materia de derechos pol\u00edticos y actuar mediante estrategias conjuntas, incluido el litigio estrat\u00e9gico, de cara al Proceso Electoral Federal 2026-2027. Y mostr\u00f3 la importancia de mantener el trabajo colectivo para garantizar la participaci\u00f3n de las mujeres en contextos libres de violencia y avanzar en la defensa de sus derechos pol\u00edticos.<\/p>\n<p>&nbsp;<\/p>\n<p>La LV Asamblea General Ordinaria fue el escenario para la entrega de reconocimientos diversos, como el de Trayectoria 2026, entre cuyas galardonadas figuraron la propia Arlett Espino y Rita Bell L\u00f3pez. Tambi\u00e9n fueron reconocidas las asociadas fundadoras de la Asociaci\u00f3n, as\u00ed como la integrante distinguida AMCEE 2025.<\/p>\n","protected":false},"excerpt":{"rendered":"<p>En el contexto de la LV Asamblea General Ordinaria de la Asociaci\u00f3n Mexicana de Consejeras Estatales Electorales (AMCEE), dedicada a la conmemoraci\u00f3n del D\u00eda Internacional de las Mujeres, la Consejera Presidenta del Instituto Nacional Electoral (INE), Guadalupe Taddei Zavala, afirm\u00f3 que el Instituto tiene el compromiso de garantizar los derechos pol\u00edticos y electorales de las [&hellip;]<\/p>\n","protected":false},"author":2,"featured_media":248372,"comment_status":"closed","ping_status":"closed","sticky":false,"template":"","format":"standard","meta":{"footnotes":""},"categories":[12870,12868],"tags":[12865,12879],"class_list":["post-248371","post","type-post","status-publish","format-standard","has-post-thumbnail","hentry","category-destacadas","category-politica","tag-destacadas","tag-politica"],"jetpack_featured_media_url":"https:\/\/rnoticias.com.mx\/Portal\/wp-content\/uploads\/2026\/03\/WhatsApp-Image-2026-03-06-at-8.30.06-PM.jpeg","amp_enabled":true,"_links":{"self":[{"href":"https:\/\/rnoticias.com.mx\/Portal\/wp-json\/wp\/v2\/posts\/248371","targetHints":{"allow":["GET"]}}],"collection":[{"href":"https:\/\/rnoticias.com.mx\/Portal\/wp-json\/wp\/v2\/posts"}],"about":[{"href":"https:\/\/rnoticias.com.mx\/Portal\/wp-json\/wp\/v2\/types\/post"}],"author":[{"embeddable":true,"href":"https:\/\/rnoticias.com.mx\/Portal\/wp-json\/wp\/v2\/users\/2"}],"replies":[{"embeddable":true,"href":"https:\/\/rnoticias.com.mx\/Portal\/wp-json\/wp\/v2\/comments?post=248371"}],"version-history":[{"count":1,"href":"https:\/\/rnoticias.com.mx\/Portal\/wp-json\/wp\/v2\/posts\/248371\/revisions"}],"predecessor-version":[{"id":248373,"href":"https:\/\/rnoticias.com.mx\/Portal\/wp-json\/wp\/v2\/posts\/248371\/revisions\/248373"}],"wp:featuredmedia":[{"embeddable":true,"href":"https:\/\/rnoticias.com.mx\/Portal\/wp-json\/wp\/v2\/media\/248372"}],"wp:attachment":[{"href":"https:\/\/rnoticias.com.mx\/Portal\/wp-json\/wp\/v2\/media?parent=248371"}],"wp:term":[{"taxonomy":"category","embeddable":true,"href":"https:\/\/rnoticias.com.mx\/Portal\/wp-json\/wp\/v2\/categories?post=248371"},{"taxonomy":"post_tag","embeddable":true,"href":"https:\/\/rnoticias.com.mx\/Portal\/wp-json\/wp\/v2\/tags?post=248371"}],"curies":[{"name":"wp","href":"https:\/\/api.w.org\/{rel}","templated":true}]}}