{"id":248300,"date":"2026-03-09T17:44:11","date_gmt":"2026-03-10T00:44:11","guid":{"rendered":"https:\/\/rnoticias.com.mx\/Portal\/?p=248300"},"modified":"2026-03-09T17:44:11","modified_gmt":"2026-03-10T00:44:11","slug":"gobernador-durazo-impulsa-crecimiento-de-la-sauceda-con-convenio-de-colaboracion-con-el-bosque-de-chapultepec","status":"publish","type":"post","link":"https:\/\/rnoticias.com.mx\/Portal\/2026\/03\/09\/gobernador-durazo-impulsa-crecimiento-de-la-sauceda-con-convenio-de-colaboracion-con-el-bosque-de-chapultepec\/","title":{"rendered":"Gobernador Durazo impulsa crecimiento de La Sauceda con convenio de colaboraci\u00f3n con el Bosque de Chapultepec"},"content":{"rendered":"<p>Ciudad de M\u00e9xico; 9 de marzo de 2026.- A casi un a\u00f1o de la inauguraci\u00f3n del Bosque Urbano La Sauceda, el gobernador de Sonora Alfonso Durazo Monta\u00f1o y la jefa de Gobierno de la Ciudad de M\u00e9xico, Clara Brugada Molina encabezaron la firma de un convenio de colaboraci\u00f3n con el Bosque de Chapultepec, con el objetivo de fortalecer el desarrollo, conservaci\u00f3n y gesti\u00f3n integral de este importante espacio p\u00fablico para las familias sonorenses.<\/p>\n<p>Durante el evento realizado en el Jard\u00edn Bot\u00e1nico del Bosque de Chapultepec, el mandatario estatal destac\u00f3 que este acuerdo permitir\u00e1 consolidar un modelo de gesti\u00f3n ambiental moderno para La Sauceda, mediante el intercambio de conocimiento, acompa\u00f1amiento t\u00e9cnico y asesor\u00eda estrat\u00e9gica para su desarrollo y fortalecimiento.<\/p>\n<p>El gobernador Durazo Monta\u00f1o subray\u00f3 que la recuperaci\u00f3n y transformaci\u00f3n de La Sauceda representa uno de los proyectos m\u00e1s emblem\u00e1ticos de su administraci\u00f3n, al rescatar un espacio hist\u00f3rico para convertirlo en un punto de encuentro para las familias, sano esparcimiento, con vocaci\u00f3n ambiental, cultural y recreativa.<\/p>\n<p>\u201cVamos a apoyarnos en ellos para tomar un modelo de administraci\u00f3n que permita la autosuficiencia econ\u00f3mica, financiera del parque, de tal manera que no vuelva a decaer. El Bosque de Chapultepec tiene m\u00e1s de 100 a\u00f1os y cada vez ustedes lo ven mejor, es gracias a su modelo financiero y al compromiso, obviamente del gobierno de la Ciudad de M\u00e9xico, no es gratuito, pero no ha ca\u00eddo y yo debo de garantizar que este parque de La Sauceda no vuelva a decaer\u201d, expres\u00f3.<\/p>\n<p>La firma del acuerdo se realiz\u00f3 con la participaci\u00f3n de la jefa de Gobierno de la Ciudad de M\u00e9xico, Clara Brugada Molina, as\u00ed como autoridades ambientales de ambas entidades y representantes del Fideicomiso ProBosque de Chapultepec, quienes coincidieron en que esta colaboraci\u00f3n fortalecer\u00e1 la gesti\u00f3n integral de espacios verdes urbanos y promover\u00e1 el intercambio de experiencias exitosas en beneficio de la ciudadan\u00eda.<\/p>\n<p>\u201cHoy iniciamos una nueva etapa para La Sauceda. Una etapa en la que se est\u00e1 volviendo a convertir en un punto de encuentro y orgullo para las familias sonorenses. Gracias por ayudarnos a recuperar la memoria y el alma de Hermosillo, la capital de Sonora\u201d, finaliz\u00f3 el gobernador Durazo.<\/p>\n","protected":false},"excerpt":{"rendered":"<p>Ciudad de M\u00e9xico; 9 de marzo de 2026.- A casi un a\u00f1o de la inauguraci\u00f3n del Bosque Urbano La Sauceda, el gobernador de Sonora Alfonso Durazo Monta\u00f1o y la jefa de Gobierno de la Ciudad de M\u00e9xico, Clara Brugada Molina encabezaron la firma de un convenio de colaboraci\u00f3n con el Bosque de Chapultepec, con el [&hellip;]<\/p>\n","protected":false},"author":2,"featured_media":248301,"comment_status":"closed","ping_status":"closed","sticky":false,"template":"","format":"standard","meta":{"footnotes":""},"categories":[12870,178],"tags":[12865,12869],"class_list":["post-248300","post","type-post","status-publish","format-standard","has-post-thumbnail","hentry","category-destacadas","category-local","tag-destacadas","tag-local"],"jetpack_featured_media_url":"https:\/\/rnoticias.com.mx\/Portal\/wp-content\/uploads\/2026\/03\/unnamed-26.jpg","amp_enabled":true,"_links":{"self":[{"href":"https:\/\/rnoticias.com.mx\/Portal\/wp-json\/wp\/v2\/posts\/248300","targetHints":{"allow":["GET"]}}],"collection":[{"href":"https:\/\/rnoticias.com.mx\/Portal\/wp-json\/wp\/v2\/posts"}],"about":[{"href":"https:\/\/rnoticias.com.mx\/Portal\/wp-json\/wp\/v2\/types\/post"}],"author":[{"embeddable":true,"href":"https:\/\/rnoticias.com.mx\/Portal\/wp-json\/wp\/v2\/users\/2"}],"replies":[{"embeddable":true,"href":"https:\/\/rnoticias.com.mx\/Portal\/wp-json\/wp\/v2\/comments?post=248300"}],"version-history":[{"count":1,"href":"https:\/\/rnoticias.com.mx\/Portal\/wp-json\/wp\/v2\/posts\/248300\/revisions"}],"predecessor-version":[{"id":248302,"href":"https:\/\/rnoticias.com.mx\/Portal\/wp-json\/wp\/v2\/posts\/248300\/revisions\/248302"}],"wp:featuredmedia":[{"embeddable":true,"href":"https:\/\/rnoticias.com.mx\/Portal\/wp-json\/wp\/v2\/media\/248301"}],"wp:attachment":[{"href":"https:\/\/rnoticias.com.mx\/Portal\/wp-json\/wp\/v2\/media?parent=248300"}],"wp:term":[{"taxonomy":"category","embeddable":true,"href":"https:\/\/rnoticias.com.mx\/Portal\/wp-json\/wp\/v2\/categories?post=248300"},{"taxonomy":"post_tag","embeddable":true,"href":"https:\/\/rnoticias.com.mx\/Portal\/wp-json\/wp\/v2\/tags?post=248300"}],"curies":[{"name":"wp","href":"https:\/\/api.w.org\/{rel}","templated":true}]}}