{"id":248282,"date":"2026-03-09T16:42:12","date_gmt":"2026-03-09T23:42:12","guid":{"rendered":"https:\/\/rnoticias.com.mx\/Portal\/?p=248282"},"modified":"2026-03-09T16:42:12","modified_gmt":"2026-03-09T23:42:12","slug":"lormiga-titeres-celebra-15-anos-con-funcion-especial","status":"publish","type":"post","link":"https:\/\/rnoticias.com.mx\/Portal\/2026\/03\/09\/lormiga-titeres-celebra-15-anos-con-funcion-especial\/","title":{"rendered":"Lormiga T\u00edteres celebra 15 a\u00f1os con funci\u00f3n especial"},"content":{"rendered":"<p>La compa\u00f1\u00eda Lormiga T\u00edteres celebrar\u00e1 su 15 aniversario con una funci\u00f3n especial del programa \u201cS\u00e1bados de Teatro\u201d, dirigida al p\u00fablico familiar e infantil.<\/p>\n<p>&nbsp;<\/p>\n<p>Sarina Pedrosa, directora art\u00edstica de Lormiga T\u00edteres, inform\u00f3 que el pr\u00f3ximo 14 de marzo se presentar\u00e1 la obra \u201cAmelia y el viaje inesperado\u201d.<\/p>\n<p>&nbsp;<\/p>\n<p>\u201cEs una obra muy, muy linda, muy conmovedora\u00a0que habla sobre la guerra, sobre la migraci\u00f3n y sobre temas que vulneran la integridad de las infancias. Y bueno, tocado desde un lado muy humano y muy tierno. Este programa ya tiene 10 a\u00f1os funcionando\u00a0por lo que invitamos a p\u00fablico abierto, a las familias, a las infancias, a pasar un momento en familia,\u00a0un momento recreativo y es una \u00fanica funci\u00f3n\u201d, enfatiz\u00f3.<\/p>\n<p>&nbsp;<\/p>\n<p>La funci\u00f3n se realizar\u00e1 a las 17:00 horas en el espacio Margarita, con capacidad para 50 personas, por lo que se recomienda adquirir boletos con anticipaci\u00f3n. El costo es de 100 pesos para adultos y 70 para ni\u00f1as y ni\u00f1os, aunque en preventa el precio general es de 70 pesos a trav\u00e9s del sitio <a href=\"http:\/\/www.lormigatitres.com\">www.lormigatitres.com<\/a>.<\/p>\n<p>&nbsp;<\/p>\n","protected":false},"excerpt":{"rendered":"<p>La compa\u00f1\u00eda Lormiga T\u00edteres celebrar\u00e1 su 15 aniversario con una funci\u00f3n especial del programa \u201cS\u00e1bados de Teatro\u201d, dirigida al p\u00fablico familiar e infantil. &nbsp; Sarina Pedrosa, directora art\u00edstica de Lormiga T\u00edteres, inform\u00f3 que el pr\u00f3ximo 14 de marzo se presentar\u00e1 la obra \u201cAmelia y el viaje inesperado\u201d. &nbsp; \u201cEs una obra muy, muy linda, muy [&hellip;]<\/p>\n","protected":false},"author":2,"featured_media":248283,"comment_status":"closed","ping_status":"closed","sticky":false,"template":"","format":"standard","meta":{"footnotes":""},"categories":[12870,178],"tags":[12865,12869],"class_list":["post-248282","post","type-post","status-publish","format-standard","has-post-thumbnail","hentry","category-destacadas","category-local","tag-destacadas","tag-local"],"jetpack_featured_media_url":"https:\/\/rnoticias.com.mx\/Portal\/wp-content\/uploads\/2026\/03\/Recibe-Alcalde-de-Nogales-el-apoyo-del-Director-de-CONADE-900-x-600-px-13.png","amp_enabled":true,"_links":{"self":[{"href":"https:\/\/rnoticias.com.mx\/Portal\/wp-json\/wp\/v2\/posts\/248282","targetHints":{"allow":["GET"]}}],"collection":[{"href":"https:\/\/rnoticias.com.mx\/Portal\/wp-json\/wp\/v2\/posts"}],"about":[{"href":"https:\/\/rnoticias.com.mx\/Portal\/wp-json\/wp\/v2\/types\/post"}],"author":[{"embeddable":true,"href":"https:\/\/rnoticias.com.mx\/Portal\/wp-json\/wp\/v2\/users\/2"}],"replies":[{"embeddable":true,"href":"https:\/\/rnoticias.com.mx\/Portal\/wp-json\/wp\/v2\/comments?post=248282"}],"version-history":[{"count":1,"href":"https:\/\/rnoticias.com.mx\/Portal\/wp-json\/wp\/v2\/posts\/248282\/revisions"}],"predecessor-version":[{"id":248284,"href":"https:\/\/rnoticias.com.mx\/Portal\/wp-json\/wp\/v2\/posts\/248282\/revisions\/248284"}],"wp:featuredmedia":[{"embeddable":true,"href":"https:\/\/rnoticias.com.mx\/Portal\/wp-json\/wp\/v2\/media\/248283"}],"wp:attachment":[{"href":"https:\/\/rnoticias.com.mx\/Portal\/wp-json\/wp\/v2\/media?parent=248282"}],"wp:term":[{"taxonomy":"category","embeddable":true,"href":"https:\/\/rnoticias.com.mx\/Portal\/wp-json\/wp\/v2\/categories?post=248282"},{"taxonomy":"post_tag","embeddable":true,"href":"https:\/\/rnoticias.com.mx\/Portal\/wp-json\/wp\/v2\/tags?post=248282"}],"curies":[{"name":"wp","href":"https:\/\/api.w.org\/{rel}","templated":true}]}}