{"id":248276,"date":"2026-03-09T16:36:46","date_gmt":"2026-03-09T23:36:46","guid":{"rendered":"https:\/\/rnoticias.com.mx\/Portal\/?p=248276"},"modified":"2026-03-09T16:36:46","modified_gmt":"2026-03-09T23:36:46","slug":"mantiene-union-de-usuarios-postura-para-ampliar-tarifa-electrica-de-invierno-en-sonora","status":"publish","type":"post","link":"https:\/\/rnoticias.com.mx\/Portal\/2026\/03\/09\/mantiene-union-de-usuarios-postura-para-ampliar-tarifa-electrica-de-invierno-en-sonora\/","title":{"rendered":"Mantiene Uni\u00f3n de Usuarios postura para ampliar tarifa el\u00e9ctrica de invierno en Sonora"},"content":{"rendered":"<p>La Uni\u00f3n de Usuarios de Hermosillo reiter\u00f3 su llamado para mejorar las tarifas el\u00e9ctricas y apoyar la econom\u00eda de las familias sonorenses, especialmente durante la temporada invernal cuando tambi\u00e9n se registran altas temperaturas y aumenta el consumo de energ\u00eda.<\/p>\n<p>&nbsp;<\/p>\n<p>Ignacio Peinado Luna, dirigente de la Uni\u00f3n de Usuarios de Hermosillo, se\u00f1al\u00f3 que en a\u00f1os recientes la organizaci\u00f3n logr\u00f3 avances importantes como la ampliaci\u00f3n del subsidio de verano y la eliminaci\u00f3n del rango intermedio alto en la tarifa dom\u00e9stica, lo que benefici\u00f3 a miles de hogares.<\/p>\n<p>&nbsp;<\/p>\n<p>\u201cLa Uni\u00f3n de Usuarios, en este tema, est\u00e1 planteando lo\u00a0siguiente, ampliar la tarifa de invierno de 400 kilowatts bimestrales a 2.400 kilowatts bimestrales.\u00a0Esto permitir\u00eda que todo el invierno, altas temperaturas o frentes fr\u00edos intensos, puedan\u00a0los usuarios utilizar la refrigeraci\u00f3n, los coolers, cualquier aparato para mitigar las altas\u00a0temperaturas, o bien las bajas temperaturas, si as\u00ed fuera el caso\u201d, declar\u00f3<\/p>\n<p>&nbsp;<\/p>\n<p>Adem\u00e1s, insisti\u00f3 en que el acceso a la electricidad debe reconocerse como un derecho humano en la Constituci\u00f3n, al ser un servicio esencial para la salud, la vivienda y la vida en un estado con temperaturas extremas como Sonora.<\/p>\n","protected":false},"excerpt":{"rendered":"<p>La Uni\u00f3n de Usuarios de Hermosillo reiter\u00f3 su llamado para mejorar las tarifas el\u00e9ctricas y apoyar la econom\u00eda de las familias sonorenses, especialmente durante la temporada invernal cuando tambi\u00e9n se registran altas temperaturas y aumenta el consumo de energ\u00eda. &nbsp; Ignacio Peinado Luna, dirigente de la Uni\u00f3n de Usuarios de Hermosillo, se\u00f1al\u00f3 que en a\u00f1os [&hellip;]<\/p>\n","protected":false},"author":2,"featured_media":248277,"comment_status":"closed","ping_status":"closed","sticky":false,"template":"","format":"standard","meta":{"footnotes":""},"categories":[12870,178],"tags":[12865,12869],"class_list":["post-248276","post","type-post","status-publish","format-standard","has-post-thumbnail","hentry","category-destacadas","category-local","tag-destacadas","tag-local"],"jetpack_featured_media_url":"https:\/\/rnoticias.com.mx\/Portal\/wp-content\/uploads\/2026\/03\/WhatsApp-Image-2026-01-12-at-7.41.07-AM.jpeg","amp_enabled":true,"_links":{"self":[{"href":"https:\/\/rnoticias.com.mx\/Portal\/wp-json\/wp\/v2\/posts\/248276","targetHints":{"allow":["GET"]}}],"collection":[{"href":"https:\/\/rnoticias.com.mx\/Portal\/wp-json\/wp\/v2\/posts"}],"about":[{"href":"https:\/\/rnoticias.com.mx\/Portal\/wp-json\/wp\/v2\/types\/post"}],"author":[{"embeddable":true,"href":"https:\/\/rnoticias.com.mx\/Portal\/wp-json\/wp\/v2\/users\/2"}],"replies":[{"embeddable":true,"href":"https:\/\/rnoticias.com.mx\/Portal\/wp-json\/wp\/v2\/comments?post=248276"}],"version-history":[{"count":1,"href":"https:\/\/rnoticias.com.mx\/Portal\/wp-json\/wp\/v2\/posts\/248276\/revisions"}],"predecessor-version":[{"id":248278,"href":"https:\/\/rnoticias.com.mx\/Portal\/wp-json\/wp\/v2\/posts\/248276\/revisions\/248278"}],"wp:featuredmedia":[{"embeddable":true,"href":"https:\/\/rnoticias.com.mx\/Portal\/wp-json\/wp\/v2\/media\/248277"}],"wp:attachment":[{"href":"https:\/\/rnoticias.com.mx\/Portal\/wp-json\/wp\/v2\/media?parent=248276"}],"wp:term":[{"taxonomy":"category","embeddable":true,"href":"https:\/\/rnoticias.com.mx\/Portal\/wp-json\/wp\/v2\/categories?post=248276"},{"taxonomy":"post_tag","embeddable":true,"href":"https:\/\/rnoticias.com.mx\/Portal\/wp-json\/wp\/v2\/tags?post=248276"}],"curies":[{"name":"wp","href":"https:\/\/api.w.org\/{rel}","templated":true}]}}