{"id":248220,"date":"2026-03-07T13:53:28","date_gmt":"2026-03-07T20:53:28","guid":{"rendered":"https:\/\/rnoticias.com.mx\/Portal\/?p=248220"},"modified":"2026-03-07T13:53:28","modified_gmt":"2026-03-07T20:53:28","slug":"promueve-municipio-forestacion-de-hermosillo-al-donar-mil-arboles-nativos-por-el-dia-del-arbol-y-arbolado-urbano","status":"publish","type":"post","link":"https:\/\/rnoticias.com.mx\/Portal\/2026\/03\/07\/promueve-municipio-forestacion-de-hermosillo-al-donar-mil-arboles-nativos-por-el-dia-del-arbol-y-arbolado-urbano\/","title":{"rendered":"Promueve Municipio forestaci\u00f3n de Hermosillo al donar mil \u00e1rboles nativos por el D\u00eda del \u00c1rbol y Arbolado Urbano"},"content":{"rendered":"<p><b data-olk-copy-source=\"MessageBody\">Hermosillo, Sonora; 7 de marzo, 2026.-<\/b>Mil \u00e1rboles nativos fueron entregados a ciudadanos en Hermosillo durante una jornada realizada en el Parque Madero, en el marco del D\u00eda del \u00c1rbol y del Arbolado Urbano.<\/p>\n<p aria-hidden=\"true\">\n<p>La tarde del viernes, los hermosillenses acudieron desde temprano para recibir una planta y llevarla a sus hogares para sembrarla.<\/p>\n<p aria-hidden=\"true\">\n<p>Entre estas hubo 100 ejemplares de Guayac\u00e1n, as\u00ed como Ocotillo, Palo Fierro, Palo Verde azul, Mimbre, Tabachin, Tepehuaje, Mezquite, Lantana, Tronadora, Bagote, Brea y Palma.<\/p>\n<p aria-hidden=\"true\">\n<p>El Oficial Mayor del Ayuntamiento, Ram\u00f3n Corral Aguirre, acompa\u00f1ado de Amparo Fontanot directora de Parques y Jardines, explic\u00f3 que la entrega forma parte de las acciones impulsadas por el alcalde Antonio Astiazar\u00e1n, para incrementar la presencia de vegetaci\u00f3n nativa en la ciudad y mejorar las condiciones ambientales.<\/p>\n<p aria-hidden=\"true\">\n<p>Se\u00f1al\u00f3 que los \u00e1rboles ayudan a purificar el aire, producen ox\u00edgeno y contribuyen a disminuir la sensaci\u00f3n de calor, por lo que plantar especies locales puede favorecer la calidad de vida en Hermosillo.<\/p>\n<p aria-hidden=\"true\">\n<p>Durante la jornada tambi\u00e9n se ofrecieron charlas informativas sobre el cuidado de la vegetaci\u00f3n, entre ellas: \u201cConstruyendo un Jard\u00edn Polinizador\u201d, \u201cSobrevivencia entre \u00e1rboles\u201d y \u201cRa\u00edces Cortez\u201d, dirigidas a promover la participaci\u00f3n ciudadana en el cuidado del medio ambiente.<\/p>\n","protected":false},"excerpt":{"rendered":"<p>Hermosillo, Sonora; 7 de marzo, 2026.-Mil \u00e1rboles nativos fueron entregados a ciudadanos en Hermosillo durante una jornada realizada en el Parque Madero, en el marco del D\u00eda del \u00c1rbol y del Arbolado Urbano. La tarde del viernes, los hermosillenses acudieron desde temprano para recibir una planta y llevarla a sus hogares para sembrarla. Entre estas [&hellip;]<\/p>\n","protected":false},"author":2,"featured_media":248221,"comment_status":"closed","ping_status":"closed","sticky":false,"template":"","format":"standard","meta":{"footnotes":""},"categories":[12870,178],"tags":[12865,12869],"class_list":["post-248220","post","type-post","status-publish","format-standard","has-post-thumbnail","hentry","category-destacadas","category-local","tag-destacadas","tag-local"],"jetpack_featured_media_url":"https:\/\/rnoticias.com.mx\/Portal\/wp-content\/uploads\/2026\/03\/descarga-1-1.png","amp_enabled":true,"_links":{"self":[{"href":"https:\/\/rnoticias.com.mx\/Portal\/wp-json\/wp\/v2\/posts\/248220","targetHints":{"allow":["GET"]}}],"collection":[{"href":"https:\/\/rnoticias.com.mx\/Portal\/wp-json\/wp\/v2\/posts"}],"about":[{"href":"https:\/\/rnoticias.com.mx\/Portal\/wp-json\/wp\/v2\/types\/post"}],"author":[{"embeddable":true,"href":"https:\/\/rnoticias.com.mx\/Portal\/wp-json\/wp\/v2\/users\/2"}],"replies":[{"embeddable":true,"href":"https:\/\/rnoticias.com.mx\/Portal\/wp-json\/wp\/v2\/comments?post=248220"}],"version-history":[{"count":1,"href":"https:\/\/rnoticias.com.mx\/Portal\/wp-json\/wp\/v2\/posts\/248220\/revisions"}],"predecessor-version":[{"id":248222,"href":"https:\/\/rnoticias.com.mx\/Portal\/wp-json\/wp\/v2\/posts\/248220\/revisions\/248222"}],"wp:featuredmedia":[{"embeddable":true,"href":"https:\/\/rnoticias.com.mx\/Portal\/wp-json\/wp\/v2\/media\/248221"}],"wp:attachment":[{"href":"https:\/\/rnoticias.com.mx\/Portal\/wp-json\/wp\/v2\/media?parent=248220"}],"wp:term":[{"taxonomy":"category","embeddable":true,"href":"https:\/\/rnoticias.com.mx\/Portal\/wp-json\/wp\/v2\/categories?post=248220"},{"taxonomy":"post_tag","embeddable":true,"href":"https:\/\/rnoticias.com.mx\/Portal\/wp-json\/wp\/v2\/tags?post=248220"}],"curies":[{"name":"wp","href":"https:\/\/api.w.org\/{rel}","templated":true}]}}