{"id":248174,"date":"2026-03-07T10:58:45","date_gmt":"2026-03-07T17:58:45","guid":{"rendered":"https:\/\/rnoticias.com.mx\/Portal\/?p=248174"},"modified":"2026-03-07T10:58:45","modified_gmt":"2026-03-07T17:58:45","slug":"trump-asevera-que-el-problema-de-los-carteles-se-resume-a-mexico","status":"publish","type":"post","link":"https:\/\/rnoticias.com.mx\/Portal\/2026\/03\/07\/trump-asevera-que-el-problema-de-los-carteles-se-resume-a-mexico\/","title":{"rendered":"Trump asevera que el problema de los c\u00e1rteles &#8220;se resume a M\u00e9xico&#8221;"},"content":{"rendered":"<p>Este 7 de marzo, desde la cumbre del\u00a0<strong>Escudo de las Am\u00e9ricas<\/strong>, impulsada por el\u00a0<a href=\"https:\/\/www.informador.mx\/donald-trump-t8094\" target=\"_blank\" rel=\"noopener\"><strong>presidente de Estados Unidos, Donald Trump<\/strong><\/a>, el mandatario del pa\u00eds del norte asever\u00f3 que la problem\u00e1tica de los c\u00e1rteles y otras organizaciones criminales &#8220;<mark>se resume a M\u00e9xico<\/mark>&#8220;.<\/p>\n<p>Las aseveraciones del presidente surgen durante la mencionada cumbre, en la que casi 20 pa\u00edses de Latinoam\u00e9rica y el Caribe prometieron cooperar con el pa\u00eds del norte para combatir con fuerza militar a los c\u00e1rteles, catalogados en 2025 como &#8220;<mark><strong>narcoterroristas<\/strong><\/mark>&#8220;.<\/p>\n<p>&nbsp;<\/p>\n<h2>Sheinbaum le ha dicho que no<\/h2>\n<p>Trump, desde el Escudo de las Am\u00e9ricas, que se celebra este 7 de marzo desde Doral, Florida, afirm\u00f3 que Estados Unidos le ha planteado la colaboraci\u00f3n contra los c\u00e1rteles a la\u00a0<a href=\"https:\/\/www.informador.mx\/claudia-sheinbaum-t10826\" target=\"_blank\" rel=\"noopener\"><strong>Presidenta de M\u00e9xico, Claudia Sheinbaum<\/strong><\/a>, en diferentes ocasiones, pero ella ha respondido que &#8220;no, por favor&#8221;.<\/p>\n<p>&#8220;(\u2026) me pregunt\u00e9 qu\u00e9 es lo que pasa con este crimen que ocurre en Medio Oriente y c\u00f3mo lo podemos atender, me dije &#8216;Muy f\u00e1cil: es simplemente que nosotros intervengamos&#8217;, y eso nos trae aqu\u00ed, a esta parte del hemisferio, donde la problem\u00e1tica son los c\u00e1rteles, (\u2026)\u00a0<mark><strong>por eso estoy aqu\u00ed, para defender los intereses de nuestras naciones, y, bueno, todo esto proviene de M\u00e9xico, la verdad es que no puedo decir mucho; he hablado con la Presidenta (Claudia Sheinbaum), es una mujer incre\u00edble, tiene una voz incre\u00edble. Yo le he dicho &#8216;Le ayudo con los c\u00e1rteles&#8217;, y ella dice &#8216;No, no, por favor&#8217;, pero hay que erradicarlos<\/strong><\/mark>&#8220;, asever\u00f3.<\/p>\n<h2>Todo se resume a M\u00e9xico<\/h2>\n<p>El funcionario dijo que Estados Unidos, a su mando, es el encargado de desarticular este tipo de organizaciones criminales, mismas que est\u00e1n muy cerca de su territorio y, de la misma forma,\u00a0<mark><strong>invaden M\u00e9xico, en donde, asever\u00f3, se resume el problema de la vigencia de los c\u00e1rteles<\/strong><\/mark>.<\/p>\n<p>&#8220;Tenemos que noquearlos, porque si no van a crecer y esto puede ser peor, y todo viene sobre M\u00e9xico. No podemos aceptar eso, est\u00e1n muy cerca de nosotros y de ustedes,\u00a0<mark>pero todo se resume a M\u00e9xico<\/mark>. (\u2026) De la misma manera, nosotros somos los encargados de que este tipo de bandas sean desarticuladas&#8221;, dijo.<\/p>\n","protected":false},"excerpt":{"rendered":"<p>Este 7 de marzo, desde la cumbre del\u00a0Escudo de las Am\u00e9ricas, impulsada por el\u00a0presidente de Estados Unidos, Donald Trump, el mandatario del pa\u00eds del norte asever\u00f3 que la problem\u00e1tica de los c\u00e1rteles y otras organizaciones criminales &#8220;se resume a M\u00e9xico&#8220;. Las aseveraciones del presidente surgen durante la mencionada cumbre, en la que casi 20 pa\u00edses [&hellip;]<\/p>\n","protected":false},"author":2,"featured_media":248175,"comment_status":"closed","ping_status":"closed","sticky":false,"template":"","format":"standard","meta":{"footnotes":""},"categories":[12870,182],"tags":[12865,12871],"class_list":["post-248174","post","type-post","status-publish","format-standard","has-post-thumbnail","hentry","category-destacadas","category-internacional","tag-destacadas","tag-internacional"],"jetpack_featured_media_url":"https:\/\/rnoticias.com.mx\/Portal\/wp-content\/uploads\/2026\/03\/cnne-1787957-ssheinbaum-trump.jpg","amp_enabled":true,"_links":{"self":[{"href":"https:\/\/rnoticias.com.mx\/Portal\/wp-json\/wp\/v2\/posts\/248174","targetHints":{"allow":["GET"]}}],"collection":[{"href":"https:\/\/rnoticias.com.mx\/Portal\/wp-json\/wp\/v2\/posts"}],"about":[{"href":"https:\/\/rnoticias.com.mx\/Portal\/wp-json\/wp\/v2\/types\/post"}],"author":[{"embeddable":true,"href":"https:\/\/rnoticias.com.mx\/Portal\/wp-json\/wp\/v2\/users\/2"}],"replies":[{"embeddable":true,"href":"https:\/\/rnoticias.com.mx\/Portal\/wp-json\/wp\/v2\/comments?post=248174"}],"version-history":[{"count":1,"href":"https:\/\/rnoticias.com.mx\/Portal\/wp-json\/wp\/v2\/posts\/248174\/revisions"}],"predecessor-version":[{"id":248176,"href":"https:\/\/rnoticias.com.mx\/Portal\/wp-json\/wp\/v2\/posts\/248174\/revisions\/248176"}],"wp:featuredmedia":[{"embeddable":true,"href":"https:\/\/rnoticias.com.mx\/Portal\/wp-json\/wp\/v2\/media\/248175"}],"wp:attachment":[{"href":"https:\/\/rnoticias.com.mx\/Portal\/wp-json\/wp\/v2\/media?parent=248174"}],"wp:term":[{"taxonomy":"category","embeddable":true,"href":"https:\/\/rnoticias.com.mx\/Portal\/wp-json\/wp\/v2\/categories?post=248174"},{"taxonomy":"post_tag","embeddable":true,"href":"https:\/\/rnoticias.com.mx\/Portal\/wp-json\/wp\/v2\/tags?post=248174"}],"curies":[{"name":"wp","href":"https:\/\/api.w.org\/{rel}","templated":true}]}}