{"id":248168,"date":"2026-03-07T10:55:10","date_gmt":"2026-03-07T17:55:10","guid":{"rendered":"https:\/\/rnoticias.com.mx\/Portal\/?p=248168"},"modified":"2026-03-07T10:55:10","modified_gmt":"2026-03-07T17:55:10","slug":"max-verstappen-sufre-fuerte-accidente-en-la-clasificacion-del-gp-de-australia","status":"publish","type":"post","link":"https:\/\/rnoticias.com.mx\/Portal\/2026\/03\/07\/max-verstappen-sufre-fuerte-accidente-en-la-clasificacion-del-gp-de-australia\/","title":{"rendered":"Max Verstappen sufre fuerte accidente en la clasificaci\u00f3n del GP de Australia"},"content":{"rendered":"<p>Antes del inicio de la temporada, Max Verstappen y otros pilotos hab\u00edan advertido sobre la complejidad de los sistemas el\u00e9ctricos de los nuevos coches de F1 y sus posibles consecuencias para el espect\u00e1culo e incluso para la seguridad de los pilotos. Ayer, en la Q1 del Gran Premio de Australia, el neerland\u00e9s lo vivi\u00f3 en carne propia.<\/p>\n<p><strong>Al llegar a la primera curva del circuito de Albert\u00a0Park, tras la recta principal,\u00a0Verstappen\u00a0tir\u00f3 del freno trasero para regenerar energ\u00eda y la maniobra hizo que su Red\u00a0Bull\u00a0diera un latigazo y lo disparara contra las barreras de protecci\u00f3n.<\/strong><\/p>\n<div class=\"div-pos-2\"><\/div>\n<p>El tetracampe\u00f3n del mundo qued\u00f3 eliminado sin poder marcar tiempo.<\/p>\n<div class=\" b2\"><\/div>\n<p>&#8220;Mad Max&#8221; sali\u00f3 del coche por s\u00ed mismo, aunque toc\u00e1ndose las mu\u00f1ecas, y por protocolo tuvo que someterse a una revisi\u00f3n m\u00e9dica.<\/p>\n<p><strong>&#8220;El coche simplemente se bloque\u00f3 en el eje trasero. \u00a1Fant\u00e1stico!&#8221;, dijo con iron\u00eda tras el accidente que deriv\u00f3 en su peor calificaci\u00f3n desde el Gran Premio de Rusia de 2021,<\/strong>\u00a0cuando por una penalizaci\u00f3n por cambio de motor ni siquiera sali\u00f3 a la Q1.<\/p>\n<p>Carlos Sainz, de Williams, y Lance Stroll, de Aston Martin, quiz\u00e1 tuvieron peor suerte y no pudieron participar en la sesi\u00f3n de clasificaci\u00f3n por problemas con sus coches.<\/p>\n<p>Ellos, como Verstappen, necesitar\u00e1n el permiso de los comisarios para disputar la carrera.<\/p>\n<div class=\"div-pos-7\"><\/div>\n<h4>Parrilla de salida para el Gran Premio de Australia<\/h4>\n<p>1.- George Russell \/ Mercedes<br \/>\n2.- Kimi Antonelli \/ Mercedes<br \/>\n3.- Isack Hadjar \/ Red Bull<br \/>\n4.- Charles Leclerc \/ Ferrari<br \/>\n5.- Oscar Piastri \/ McLaren<br \/>\n6.- Lando Norris \/ McLaren<br \/>\n7.- Lewis Hamilton \/ Ferrari<br \/>\n8.- Liam Lawson \/ RB<br \/>\n9.- Arvid Lindblad \/ RB<br \/>\n10.- Gabriel Bortoleto \/ Audi<br \/>\n11.- Nico H\u00fclkenberg \/ Audi<br \/>\n12.- Oliver Bearman \/ Haas<br \/>\n13.- Esteban Ocon \/ Haas<br \/>\n14.- Pierre Gasly \/ Alpine<br \/>\n15.- Alex Albon \/ Williams<br \/>\n16.- Franco Colapinto \/ Alpine<br \/>\n17.- Fernando Alonso \/ Aston Martin<br \/>\n18.- Sergio P\u00e9rez \/ Cadillac<br \/>\n19.- Valtteri Bottas \/ Cadillac<br \/>\n20.- Max Verstappen \/ Red Bull<br \/>\n21.- Carlos Sainz \/ Williams<br \/>\n22.- Lance Stroll \/ Aston Martin<\/p>\n","protected":false},"excerpt":{"rendered":"<p>Antes del inicio de la temporada, Max Verstappen y otros pilotos hab\u00edan advertido sobre la complejidad de los sistemas el\u00e9ctricos de los nuevos coches de F1 y sus posibles consecuencias para el espect\u00e1culo e incluso para la seguridad de los pilotos. Ayer, en la Q1 del Gran Premio de Australia, el neerland\u00e9s lo vivi\u00f3 en [&hellip;]<\/p>\n","protected":false},"author":2,"featured_media":248169,"comment_status":"closed","ping_status":"closed","sticky":false,"template":"","format":"standard","meta":{"footnotes":""},"categories":[188,12870],"tags":[5231,12865],"class_list":["post-248168","post","type-post","status-publish","format-standard","has-post-thumbnail","hentry","category-deportes","category-destacadas","tag-deportes","tag-destacadas"],"jetpack_featured_media_url":"https:\/\/rnoticias.com.mx\/Portal\/wp-content\/uploads\/2026\/03\/max-verstappen-red-bull-racing.jpg","amp_enabled":true,"_links":{"self":[{"href":"https:\/\/rnoticias.com.mx\/Portal\/wp-json\/wp\/v2\/posts\/248168","targetHints":{"allow":["GET"]}}],"collection":[{"href":"https:\/\/rnoticias.com.mx\/Portal\/wp-json\/wp\/v2\/posts"}],"about":[{"href":"https:\/\/rnoticias.com.mx\/Portal\/wp-json\/wp\/v2\/types\/post"}],"author":[{"embeddable":true,"href":"https:\/\/rnoticias.com.mx\/Portal\/wp-json\/wp\/v2\/users\/2"}],"replies":[{"embeddable":true,"href":"https:\/\/rnoticias.com.mx\/Portal\/wp-json\/wp\/v2\/comments?post=248168"}],"version-history":[{"count":1,"href":"https:\/\/rnoticias.com.mx\/Portal\/wp-json\/wp\/v2\/posts\/248168\/revisions"}],"predecessor-version":[{"id":248170,"href":"https:\/\/rnoticias.com.mx\/Portal\/wp-json\/wp\/v2\/posts\/248168\/revisions\/248170"}],"wp:featuredmedia":[{"embeddable":true,"href":"https:\/\/rnoticias.com.mx\/Portal\/wp-json\/wp\/v2\/media\/248169"}],"wp:attachment":[{"href":"https:\/\/rnoticias.com.mx\/Portal\/wp-json\/wp\/v2\/media?parent=248168"}],"wp:term":[{"taxonomy":"category","embeddable":true,"href":"https:\/\/rnoticias.com.mx\/Portal\/wp-json\/wp\/v2\/categories?post=248168"},{"taxonomy":"post_tag","embeddable":true,"href":"https:\/\/rnoticias.com.mx\/Portal\/wp-json\/wp\/v2\/tags?post=248168"}],"curies":[{"name":"wp","href":"https:\/\/api.w.org\/{rel}","templated":true}]}}