{"id":248165,"date":"2026-03-07T10:54:14","date_gmt":"2026-03-07T17:54:14","guid":{"rendered":"https:\/\/rnoticias.com.mx\/Portal\/?p=248165"},"modified":"2026-03-07T10:54:14","modified_gmt":"2026-03-07T17:54:14","slug":"isaac-del-toro-sube-al-podio-en-la-strade-bianche","status":"publish","type":"post","link":"https:\/\/rnoticias.com.mx\/Portal\/2026\/03\/07\/isaac-del-toro-sube-al-podio-en-la-strade-bianche\/","title":{"rendered":"Isaac del Toro sube al podio en la Strade Bianche"},"content":{"rendered":"<p>El\u00a0<a href=\"https:\/\/www.informador.mx\/ciclismo-t634\" target=\"_blank\" rel=\"noopener\"><strong>ciclismo<\/strong><\/a>\u00a0volvi\u00f3 a contar con presencia mexicana en los primeros planos. El bajacaliforniano\u00a0<mark><strong>Isaac del Toro logr\u00f3 subir al podio en la Strade Bianche 2026, una de las cl\u00e1sicas que forman parte del calendario,<\/strong><\/mark>\u00a0y dando vistas de su gran inicio de temporada tras haber conquistado hace apenas dos semanas el UAE Tour.<\/p>\n<p>La competencia de este 7 de marzo fue disputada en Siena, Italia, y\u00a0<strong>tuvo como gran protagonista al esloveno Tadej Pogacar<\/strong>\u00a0(compa\u00f1ero de del Toro en el UAE Team Emirates), quien firm\u00f3 su cuarto triunfo en la Strade Bianche. Sin embargo, dos lugares detr\u00e1s del campe\u00f3n del mundo,\u00a0<mark><strong>sobresali\u00f3 el desempe\u00f1o del mexicano, que volvi\u00f3 a demostrar que es una de las j\u00f3venes promesas del ciclismo internacional.<\/strong><\/mark><\/p>\n<div id=\"teads_ad\"><\/div>\n<div class=\"div-pos-2\"><\/div>\n<h2>Isaac del Toro sube al podio en la Strade Bianche, \u00bfen qu\u00e9 lugar qued\u00f3?<\/h2>\n<p>La edici\u00f3n 2026 de la llamada\u00a0<i>Cl\u00e1sica del &#8220;Sterrato&#8221;<\/i>\u00a0cont\u00f3 con un recorrido ligeramente m\u00e1s corto que en a\u00f1os anteriores, lo que provoc\u00f3 una carrera especialmente r\u00e1pida con una media de 42.6 km\/h, a decir de la cr\u00f3nica publicada por la agencia EFE.<\/p>\n<p>El momento decisivo lleg\u00f3 a 78 kil\u00f3metros de la meta, cuando Pogacar lanz\u00f3 un ataque demoledor en el Monte Sante Marie. El esloveno aprovech\u00f3 el fuerte ritmo impuesto por su compa\u00f1ero Jan Christen para desprenderse del pelot\u00f3n y comenzar su avance en solitario que ya nadie pudo detener.<\/p>\n<p>Durante varios kil\u00f3metros, el \u00fanico que intent\u00f3 responder fue el franc\u00e9s Paul Seixas (Decathlon AG2R La Mondiale). Sin embargo, el esfuerzo termin\u00f3 pas\u00e1ndole factura y termin\u00f3 cediendo terreno, lo que abri\u00f3 la pelea por los lugares del podio.<\/p>\n<p><mark><strong>Ah\u00ed apareci\u00f3 el mexicano Isaac del Toro, quien mantuvo un ritmo s\u00f3lido para mantenerse en la lucha por las posiciones de honor.<\/strong><\/mark><\/p>\n<p>Al final, Pogacar cruz\u00f3 la meta en Siena con un tiempo de 4:45:15, tras recorrer casi 80 kil\u00f3metros en solitario. El franc\u00e9s Seixas se qued\u00f3 con el segundo lugar e\u00a0<mark><strong>Isaac del Toro complet\u00f3 el podio en la tercera posici\u00f3n,<\/strong><\/mark>\u00a0ambos a aproximadamente un minuto del ganador.<\/p>\n<div class=\"div-pos-7\"><\/div>\n<h2>El gran momento de Isaac del Toro<\/h2>\n<p>El podio en Italia llega en un momento brillante para el mexicano\u00a0<a href=\"https:\/\/www.informador.mx\/isaac-del-toro-t135092\" target=\"_blank\" rel=\"noopener\"><strong>Isaac del Toro<\/strong><\/a>,\u00a0<mark><strong>quien apenas el pasado 22 de febrero celebr\u00f3 el t\u00edtulo del UAE Tour.<\/strong><\/mark><\/p>\n<p>En esa competencia, el mexicano asegur\u00f3 el primer lugar tras imponerse en la etapa reina y defender el maillot rojo en la jornada final disputada en Abu Dhabi. Con ese triunfo se convirti\u00f3 adem\u00e1s en el ciclista m\u00e1s joven en ganar dicha carrera.<\/p>\n<p><i>*Con informaci\u00f3n de EFE<\/i><\/p>\n","protected":false},"excerpt":{"rendered":"<p>El\u00a0ciclismo\u00a0volvi\u00f3 a contar con presencia mexicana en los primeros planos. El bajacaliforniano\u00a0Isaac del Toro logr\u00f3 subir al podio en la Strade Bianche 2026, una de las cl\u00e1sicas que forman parte del calendario,\u00a0y dando vistas de su gran inicio de temporada tras haber conquistado hace apenas dos semanas el UAE Tour. La competencia de este 7 [&hellip;]<\/p>\n","protected":false},"author":2,"featured_media":248166,"comment_status":"closed","ping_status":"closed","sticky":false,"template":"","format":"standard","meta":{"footnotes":""},"categories":[188],"tags":[5231],"class_list":["post-248165","post","type-post","status-publish","format-standard","has-post-thumbnail","hentry","category-deportes","tag-deportes"],"jetpack_featured_media_url":"https:\/\/rnoticias.com.mx\/Portal\/wp-content\/uploads\/2026\/03\/instagram_isaac_del_toro.jpg","amp_enabled":true,"_links":{"self":[{"href":"https:\/\/rnoticias.com.mx\/Portal\/wp-json\/wp\/v2\/posts\/248165","targetHints":{"allow":["GET"]}}],"collection":[{"href":"https:\/\/rnoticias.com.mx\/Portal\/wp-json\/wp\/v2\/posts"}],"about":[{"href":"https:\/\/rnoticias.com.mx\/Portal\/wp-json\/wp\/v2\/types\/post"}],"author":[{"embeddable":true,"href":"https:\/\/rnoticias.com.mx\/Portal\/wp-json\/wp\/v2\/users\/2"}],"replies":[{"embeddable":true,"href":"https:\/\/rnoticias.com.mx\/Portal\/wp-json\/wp\/v2\/comments?post=248165"}],"version-history":[{"count":1,"href":"https:\/\/rnoticias.com.mx\/Portal\/wp-json\/wp\/v2\/posts\/248165\/revisions"}],"predecessor-version":[{"id":248167,"href":"https:\/\/rnoticias.com.mx\/Portal\/wp-json\/wp\/v2\/posts\/248165\/revisions\/248167"}],"wp:featuredmedia":[{"embeddable":true,"href":"https:\/\/rnoticias.com.mx\/Portal\/wp-json\/wp\/v2\/media\/248166"}],"wp:attachment":[{"href":"https:\/\/rnoticias.com.mx\/Portal\/wp-json\/wp\/v2\/media?parent=248165"}],"wp:term":[{"taxonomy":"category","embeddable":true,"href":"https:\/\/rnoticias.com.mx\/Portal\/wp-json\/wp\/v2\/categories?post=248165"},{"taxonomy":"post_tag","embeddable":true,"href":"https:\/\/rnoticias.com.mx\/Portal\/wp-json\/wp\/v2\/tags?post=248165"}],"curies":[{"name":"wp","href":"https:\/\/api.w.org\/{rel}","templated":true}]}}