{"id":248133,"date":"2026-03-07T09:28:08","date_gmt":"2026-03-07T16:28:08","guid":{"rendered":"https:\/\/rnoticias.com.mx\/Portal\/?p=248133"},"modified":"2026-03-07T09:28:08","modified_gmt":"2026-03-07T16:28:08","slug":"millones-de-mujeres-son-excluidas-del-sistema-laboral-en-mexico-segun-ong","status":"publish","type":"post","link":"https:\/\/rnoticias.com.mx\/Portal\/2026\/03\/07\/millones-de-mujeres-son-excluidas-del-sistema-laboral-en-mexico-segun-ong\/","title":{"rendered":"Millones de mujeres son excluidas del sistema laboral en M\u00e9xico, seg\u00fan ONG"},"content":{"rendered":"<p>La organizaci\u00f3n Acci\u00f3n Ciudadana Frente a la Pobreza se\u00f1al\u00f3 que\u00a0<strong>19 millones de mujeres se encuentran excluidas del sistema laboral.<\/strong>\u00a0La cifra es equivalente al\u00a0<strong>44 % de la Poblaci\u00f3n Potencialmente Productiva (PPP).<\/strong><\/p>\n<p>La organizaci\u00f3n civil apunt\u00f3 que<strong>\u00a0hace 20 a\u00f1os esa exclusi\u00f3n afectaba a 17,2 millones, un 53 % de la PPP de mujeres<\/strong>, y aunque<strong>\u00a0el porcentaje &#8220;baj\u00f3 un poco, la cantidad de mujeres excluidas aument\u00f3 en 1,8 millones&#8221;.<\/strong><\/p>\n<p>En total,\u00a0<strong>hay en M\u00e9xico 23.8 millones de personas excluidas, y de ellas, el 80 % son mujeres<\/strong>, es decir, por cada hombre en exclusi\u00f3n hay cuatro mujeres.<\/p>\n<p>En el marco de la conmemoraci\u00f3n de<strong>l D\u00eda Internacional de la Mujer,<\/strong>\u00a0la organizaci\u00f3n present\u00f3 el reporte &#8216;Perspectiva desde las Mujeres, una mirada a los datos nacionales m\u00e1s recientes&#8217;.<\/p>\n<p>Dicho informe contrasta los datos de 2025 con los periodos: inmediato (2024), a corto plazo (2020 y 2015) y mediano plazo (2005), con base en datos de la<strong>\u00a0Encuesta Nacional de Ocupaci\u00f3n y Empleo (Enoe<\/strong>) del\u00a0<strong>Instituto Nacional de Estad\u00edstica y Geograf\u00eda (Inegi).<\/strong><\/p>\n<p>&#8220;Tenemos que insistir en que esta situaci\u00f3n representa una injusticia econ\u00f3mica, porque la exclusi\u00f3n laboral de las mujeres est\u00e1 decidida por la carga injusta que nos han impuesto a las mujeres para realizar estas labores de cuidado&#8221;, dijo en la presentaci\u00f3n del documento Paulina Guti\u00e9rrez, directora operativa de la ONG.<\/p>\n<p>Ana Paulina Gonz\u00e1lez, responsable de investigaci\u00f3n y datos de la organizaci\u00f3n, se\u00f1al\u00f3 que la situaci\u00f3n de las mujeres ocupadas tambi\u00e9n es desalentadora y dijo que &#8220;<strong>el hecho de que tengan trabajo remunerado no es sin\u00f3nimo de que cuenten con derechos laborales ni mucho menos un trabajo digno<\/strong>&#8220;.<\/p>\n<p>Explic\u00f3 que\u00a0<strong>de las 24.3 millones de mujeres ocupadas &#8220;la mayor\u00eda trabaja en condiciones precarias&#8221;,<\/strong>\u00a0en trabajos<strong>\u00a0sin seguro social &#8220;informales<\/strong>&#8221; y esa situaci\u00f3n pr\u00e1cticamente no ha cambiado en 20 a\u00f1os.<\/p>\n<p>Actualmente, expuso,\u00a0<strong>14.4 millones de mujeres carecen de afiliaci\u00f3n al seguro social y acceso a instituciones de salud por v\u00eda labora<\/strong>l, y son el<strong>\u00a060 de las mujeres ocupadas,\u00a0<\/strong>mientras que hace 20 a\u00f1os era un 67 %, es decir, 9.7 millones, en dos d\u00e9cadas, &#8220;la reducci\u00f3n en porcentaje fue m\u00ednima, pero en cantidad, ahora son 4,7 millones m\u00e1s&#8221;.<\/p>\n<p>La principal raz\u00f3n de exclusi\u00f3n de las mujeres, arroj\u00f3 el documento, es la f<strong>alta de servicios p\u00fablicos de cuidado suficientes, accesibles, asequibles y de calidad, que abran la opci\u00f3n de cuidar a infancias y a otras personas que requieren cuidado.<\/strong><\/p>\n<p>El informe tambi\u00e9n concluy\u00f3 que el sistema laboral mexicano &#8220;no es incluyente&#8221; y que la brecha de exclusi\u00f3n &#8220;se reduce a un ritmo inercial de apenas 0,45 puntos porcentuales por a\u00f1o y a este paso, erradicar la exclusi\u00f3n femenina y alcanzar la paridad laboral tomar\u00eda alrededor de medio siglo&#8221;.<\/p>\n<p>Adem\u00e1s de que la inclusi\u00f3n de las mujeres &#8220;podr\u00eda representar 2 a 3 puntos de crecimiento anual&#8221; del PIB, ya que el valor estimado del trabajo dom\u00e9stico no remunerado representa hasta 24 puntos del PIB, seg\u00fan el Inegi.<\/p>\n","protected":false},"excerpt":{"rendered":"<p>La organizaci\u00f3n Acci\u00f3n Ciudadana Frente a la Pobreza se\u00f1al\u00f3 que\u00a019 millones de mujeres se encuentran excluidas del sistema laboral.\u00a0La cifra es equivalente al\u00a044 % de la Poblaci\u00f3n Potencialmente Productiva (PPP). La organizaci\u00f3n civil apunt\u00f3 que\u00a0hace 20 a\u00f1os esa exclusi\u00f3n afectaba a 17,2 millones, un 53 % de la PPP de mujeres, y aunque\u00a0el porcentaje &#8220;baj\u00f3 [&hellip;]<\/p>\n","protected":false},"author":2,"featured_media":248134,"comment_status":"closed","ping_status":"closed","sticky":false,"template":"","format":"standard","meta":{"footnotes":""},"categories":[12870,172],"tags":[12865,12874],"class_list":["post-248133","post","type-post","status-publish","format-standard","has-post-thumbnail","hentry","category-destacadas","category-nacional","tag-destacadas","tag-nacional"],"jetpack_featured_media_url":"https:\/\/rnoticias.com.mx\/Portal\/wp-content\/uploads\/2026\/03\/Copia-de-PORTADA-BASTA-29.jpg","amp_enabled":true,"_links":{"self":[{"href":"https:\/\/rnoticias.com.mx\/Portal\/wp-json\/wp\/v2\/posts\/248133","targetHints":{"allow":["GET"]}}],"collection":[{"href":"https:\/\/rnoticias.com.mx\/Portal\/wp-json\/wp\/v2\/posts"}],"about":[{"href":"https:\/\/rnoticias.com.mx\/Portal\/wp-json\/wp\/v2\/types\/post"}],"author":[{"embeddable":true,"href":"https:\/\/rnoticias.com.mx\/Portal\/wp-json\/wp\/v2\/users\/2"}],"replies":[{"embeddable":true,"href":"https:\/\/rnoticias.com.mx\/Portal\/wp-json\/wp\/v2\/comments?post=248133"}],"version-history":[{"count":1,"href":"https:\/\/rnoticias.com.mx\/Portal\/wp-json\/wp\/v2\/posts\/248133\/revisions"}],"predecessor-version":[{"id":248135,"href":"https:\/\/rnoticias.com.mx\/Portal\/wp-json\/wp\/v2\/posts\/248133\/revisions\/248135"}],"wp:featuredmedia":[{"embeddable":true,"href":"https:\/\/rnoticias.com.mx\/Portal\/wp-json\/wp\/v2\/media\/248134"}],"wp:attachment":[{"href":"https:\/\/rnoticias.com.mx\/Portal\/wp-json\/wp\/v2\/media?parent=248133"}],"wp:term":[{"taxonomy":"category","embeddable":true,"href":"https:\/\/rnoticias.com.mx\/Portal\/wp-json\/wp\/v2\/categories?post=248133"},{"taxonomy":"post_tag","embeddable":true,"href":"https:\/\/rnoticias.com.mx\/Portal\/wp-json\/wp\/v2\/tags?post=248133"}],"curies":[{"name":"wp","href":"https:\/\/api.w.org\/{rel}","templated":true}]}}