{"id":248130,"date":"2026-03-07T09:26:46","date_gmt":"2026-03-07T16:26:46","guid":{"rendered":"https:\/\/rnoticias.com.mx\/Portal\/?p=248130"},"modified":"2026-03-07T09:26:46","modified_gmt":"2026-03-07T16:26:46","slug":"trump-dice-que-cuba-vive-sus-ultimos-momentos-y-negocia-acuerdo","status":"publish","type":"post","link":"https:\/\/rnoticias.com.mx\/Portal\/2026\/03\/07\/trump-dice-que-cuba-vive-sus-ultimos-momentos-y-negocia-acuerdo\/","title":{"rendered":"Trump dice que Cuba vive sus &#8220;\u00faltimos momentos&#8221; y negocia acuerdo"},"content":{"rendered":"<p>El presidente de Estados Unidos, Donald Trump, habl\u00f3 sobre Cuba esta ma\u00f1ana del s\u00e1bado 7 de marzo en un tono desafiante.<\/p>\n<p><mark><strong>Trump asegur\u00f3 este s\u00e1bado que Cuba se encuentra en &#8220;sus \u00faltimos momentos de vida&#8221;, pero afirm\u00f3 que est\u00e1 negociando con La Habana y que tendr\u00e1 &#8220;una gran vida nueva&#8221;<\/strong><\/mark>.<\/p>\n<p><strong>&#8220;Cuba est\u00e1 en sus \u00faltimos momentos de vida tal como es ahora. Tendr\u00e1 una gran vida nueva, pero est\u00e1 en sus \u00faltimos momentos de vida tal como es&#8221;<\/strong>, expres\u00f3 el mandatario durante la cumbre \u201cEscudo de las Am\u00e9ricas\u201d en Miami con presidentes de la derecha latinoamericana.<\/p>\n<p>Trump asegur\u00f3 que\u00a0<mark><strong>espera &#8220;con entusiasmo el gran cambio que pronto llegar\u00e1 a Cuba&#8221;, pero tambi\u00e9n se\u00f1al\u00f3 que su &#8220;enfoque ahora mismo&#8221; est\u00e1 en la guerra de Ir\u00e1n<\/strong><\/mark>.<\/p>\n<p>Tambi\u00e9n dijo que\u00a0<strong>\u00e9l mismo y su secretario de Estado, Marco Rubio, est\u00e1n &#8220;negociando&#8221; con el Gobierno de La Habana<\/strong>.<\/p>\n<p><strong>&#8220;Yo pensar\u00eda que un acuerdo con Cuba se har\u00eda muy f\u00e1cilmente, pero durante 50 a\u00f1os he estado oyendo hablar de Cuba; desde que era un ni\u00f1o peque\u00f1o escuchaba sobre Cuba&#8221;<\/strong>, declar\u00f3.<\/p>\n<p><strong>Tras la captura del mandatario venezolano, Nicol\u00e1s Maduro, por fuerzas estadounidenses en Venezuela, Cuba dej\u00f3 de recibir petr\u00f3leo venezolano y Trump anunci\u00f3 aranceles para cualquiera que le suministre crudo<\/strong>, un bloqueo energ\u00e9tico que agrav\u00f3 la crisis social y econ\u00f3mica de la isla.<\/p>\n<p><strong>Los asistentes a la cumbre de Trump en Miami son los presidentes de Argentina, Javier Milei; Bolivia, Rodrigo Paz; Costa Rica, Rodrigo Chaves; Rep\u00fablica Dominicana, Luis Abinader; Ecuador, Daniel Noboa; El Salvador, Nayib Bukele; Guyana, Irfaan Ali; Honduras, Nasry &#8216;Tito&#8217; Asfura; Panam\u00e1, Jos\u00e9 Ra\u00fal Mulino; Paraguay, Santiago Pe\u00f1a, y la primera ministra de Trinidad y Tobago, Kamla Persad-Bissessar<\/strong>.<\/p>\n<p><strong>Tambi\u00e9n asiste el presidente electo de Chile, Jos\u00e9 Antonio Kast, quien el pr\u00f3ximo mi\u00e9rcoles tomar\u00e1 posesi\u00f3n<\/strong>.<\/p>\n","protected":false},"excerpt":{"rendered":"<p>El presidente de Estados Unidos, Donald Trump, habl\u00f3 sobre Cuba esta ma\u00f1ana del s\u00e1bado 7 de marzo en un tono desafiante. Trump asegur\u00f3 este s\u00e1bado que Cuba se encuentra en &#8220;sus \u00faltimos momentos de vida&#8221;, pero afirm\u00f3 que est\u00e1 negociando con La Habana y que tendr\u00e1 &#8220;una gran vida nueva&#8221;. &#8220;Cuba est\u00e1 en sus \u00faltimos [&hellip;]<\/p>\n","protected":false},"author":2,"featured_media":248131,"comment_status":"closed","ping_status":"closed","sticky":false,"template":"","format":"standard","meta":{"footnotes":""},"categories":[12870,182],"tags":[12865,12871],"class_list":["post-248130","post","type-post","status-publish","format-standard","has-post-thumbnail","hentry","category-destacadas","category-internacional","tag-destacadas","tag-internacional"],"jetpack_featured_media_url":"https:\/\/rnoticias.com.mx\/Portal\/wp-content\/uploads\/2026\/03\/trumpcastro1.jpg","amp_enabled":true,"_links":{"self":[{"href":"https:\/\/rnoticias.com.mx\/Portal\/wp-json\/wp\/v2\/posts\/248130","targetHints":{"allow":["GET"]}}],"collection":[{"href":"https:\/\/rnoticias.com.mx\/Portal\/wp-json\/wp\/v2\/posts"}],"about":[{"href":"https:\/\/rnoticias.com.mx\/Portal\/wp-json\/wp\/v2\/types\/post"}],"author":[{"embeddable":true,"href":"https:\/\/rnoticias.com.mx\/Portal\/wp-json\/wp\/v2\/users\/2"}],"replies":[{"embeddable":true,"href":"https:\/\/rnoticias.com.mx\/Portal\/wp-json\/wp\/v2\/comments?post=248130"}],"version-history":[{"count":1,"href":"https:\/\/rnoticias.com.mx\/Portal\/wp-json\/wp\/v2\/posts\/248130\/revisions"}],"predecessor-version":[{"id":248132,"href":"https:\/\/rnoticias.com.mx\/Portal\/wp-json\/wp\/v2\/posts\/248130\/revisions\/248132"}],"wp:featuredmedia":[{"embeddable":true,"href":"https:\/\/rnoticias.com.mx\/Portal\/wp-json\/wp\/v2\/media\/248131"}],"wp:attachment":[{"href":"https:\/\/rnoticias.com.mx\/Portal\/wp-json\/wp\/v2\/media?parent=248130"}],"wp:term":[{"taxonomy":"category","embeddable":true,"href":"https:\/\/rnoticias.com.mx\/Portal\/wp-json\/wp\/v2\/categories?post=248130"},{"taxonomy":"post_tag","embeddable":true,"href":"https:\/\/rnoticias.com.mx\/Portal\/wp-json\/wp\/v2\/tags?post=248130"}],"curies":[{"name":"wp","href":"https:\/\/api.w.org\/{rel}","templated":true}]}}