{"id":248025,"date":"2026-03-06T16:45:11","date_gmt":"2026-03-06T23:45:11","guid":{"rendered":"https:\/\/rnoticias.com.mx\/Portal\/?p=248025"},"modified":"2026-03-06T16:45:11","modified_gmt":"2026-03-06T23:45:11","slug":"frente-frio-39-provocara-bajas-temperaturas-y-posibles-lluvias-en-sonora-conagua","status":"publish","type":"post","link":"https:\/\/rnoticias.com.mx\/Portal\/2026\/03\/06\/frente-frio-39-provocara-bajas-temperaturas-y-posibles-lluvias-en-sonora-conagua\/","title":{"rendered":"Frente fr\u00edo 39 provocar\u00e1 bajas temperaturas y posibles lluvias en Sonora: Conagua"},"content":{"rendered":"<p>El frente fr\u00edo n\u00famero 39 se mantiene ya sobre Sonora y ha provocado un descenso en las temperaturas, adem\u00e1s de vientos moderados a fuertes que han alcanzado rachas de hasta 70 kil\u00f3metros por hora.<\/p>\n<p>&nbsp;<\/p>\n<p>Gilberto Lagarda V\u00e1zquez, especialista t\u00e9cnico de la Comisi\u00f3n Nacional del Agua (Conagua), inform\u00f3 que el sistema terminar\u00e1 de cruzar la entidad este viernes, pero mantendr\u00e1 temperaturas bajas.<\/p>\n<p>&nbsp;<\/p>\n<p>\u201cViene otro un sistema\u00a0cicl\u00f3nico en niveles medios y altos de la atm\u00f3sfera, una baja presi\u00f3n, la cual se espera\u00a0que provoque un potencial de lluvia entre un 30 a un 40 por ciento para lo que es el estado de Sonora\u00a0entre los d\u00edas domingo y el lunes de la pr\u00f3xima semana, y adem\u00e1s ayudar\u00e1 a mantener las\u00a0temperaturas tambi\u00e9n frescas para estos d\u00edas, as\u00ed que el potencial de lluvia son para lluvias\u00a0ligeras las que se puedan presentar\u201d, cont\u00f3.<\/p>\n<p>&nbsp;<\/p>\n<p>Detall\u00f3, que durante este fin de semana continuar\u00e1 el ambiente fresco en gran parte del estado y las m\u00e1ximas oscilar\u00e1n entre 25 y 35 grados en el centro, sur y noroeste, mientras que en el norte y oriente las m\u00ednimas podr\u00edan bajar de 0 a 10 grados.<\/p>\n","protected":false},"excerpt":{"rendered":"<p>El frente fr\u00edo n\u00famero 39 se mantiene ya sobre Sonora y ha provocado un descenso en las temperaturas, adem\u00e1s de vientos moderados a fuertes que han alcanzado rachas de hasta 70 kil\u00f3metros por hora. &nbsp; Gilberto Lagarda V\u00e1zquez, especialista t\u00e9cnico de la Comisi\u00f3n Nacional del Agua (Conagua), inform\u00f3 que el sistema terminar\u00e1 de cruzar la [&hellip;]<\/p>\n","protected":false},"author":2,"featured_media":248026,"comment_status":"closed","ping_status":"closed","sticky":false,"template":"","format":"standard","meta":{"footnotes":""},"categories":[12870,178],"tags":[12865,12869],"class_list":["post-248025","post","type-post","status-publish","format-standard","has-post-thumbnail","hentry","category-destacadas","category-local","tag-destacadas","tag-local"],"jetpack_featured_media_url":"https:\/\/rnoticias.com.mx\/Portal\/wp-content\/uploads\/2026\/03\/frente-frio.png","amp_enabled":true,"_links":{"self":[{"href":"https:\/\/rnoticias.com.mx\/Portal\/wp-json\/wp\/v2\/posts\/248025","targetHints":{"allow":["GET"]}}],"collection":[{"href":"https:\/\/rnoticias.com.mx\/Portal\/wp-json\/wp\/v2\/posts"}],"about":[{"href":"https:\/\/rnoticias.com.mx\/Portal\/wp-json\/wp\/v2\/types\/post"}],"author":[{"embeddable":true,"href":"https:\/\/rnoticias.com.mx\/Portal\/wp-json\/wp\/v2\/users\/2"}],"replies":[{"embeddable":true,"href":"https:\/\/rnoticias.com.mx\/Portal\/wp-json\/wp\/v2\/comments?post=248025"}],"version-history":[{"count":1,"href":"https:\/\/rnoticias.com.mx\/Portal\/wp-json\/wp\/v2\/posts\/248025\/revisions"}],"predecessor-version":[{"id":248027,"href":"https:\/\/rnoticias.com.mx\/Portal\/wp-json\/wp\/v2\/posts\/248025\/revisions\/248027"}],"wp:featuredmedia":[{"embeddable":true,"href":"https:\/\/rnoticias.com.mx\/Portal\/wp-json\/wp\/v2\/media\/248026"}],"wp:attachment":[{"href":"https:\/\/rnoticias.com.mx\/Portal\/wp-json\/wp\/v2\/media?parent=248025"}],"wp:term":[{"taxonomy":"category","embeddable":true,"href":"https:\/\/rnoticias.com.mx\/Portal\/wp-json\/wp\/v2\/categories?post=248025"},{"taxonomy":"post_tag","embeddable":true,"href":"https:\/\/rnoticias.com.mx\/Portal\/wp-json\/wp\/v2\/tags?post=248025"}],"curies":[{"name":"wp","href":"https:\/\/api.w.org\/{rel}","templated":true}]}}