{"id":247938,"date":"2026-03-05T18:48:40","date_gmt":"2026-03-06T01:48:40","guid":{"rendered":"https:\/\/rnoticias.com.mx\/Portal\/?p=247938"},"modified":"2026-03-05T18:48:40","modified_gmt":"2026-03-06T01:48:40","slug":"naranjeros-de-hermosillo-anuncian-salida-del-manager-juan-gabriel-castro","status":"publish","type":"post","link":"https:\/\/rnoticias.com.mx\/Portal\/2026\/03\/05\/naranjeros-de-hermosillo-anuncian-salida-del-manager-juan-gabriel-castro\/","title":{"rendered":"Naranjeros de Hermosillo anuncian salida del manager Juan Gabriel Castro"},"content":{"rendered":"<p data-start=\"78\" data-end=\"440\">El club <span class=\"hover:entity-accent entity-underline inline cursor-pointer align-baseline\"><span class=\"whitespace-normal\">Naranjeros de Hermosillo<\/span><\/span> inform\u00f3 de manera oficial la conclusi\u00f3n de la etapa de <span class=\"hover:entity-accent entity-underline inline cursor-pointer align-baseline\"><span class=\"whitespace-normal\">Juan Gabriel Castro<\/span><\/span> como manager del equipo, luego de cinco temporadas al frente de la escuadra naranja. De acuerdo con el comunicado, la decisi\u00f3n se tom\u00f3 de com\u00fan acuerdo entre el estratega y la directiva para poner fin a la relaci\u00f3n laboral.<\/p>\n<p data-start=\"442\" data-end=\"654\">Castro lleg\u00f3 al equipo a mitad de la temporada 2021-2022 y en su primera campa\u00f1a completa, correspondiente al ciclo 2022-2023, fue reconocido como <strong data-start=\"589\" data-end=\"608\">Manager del A\u00f1o<\/strong> por la <span class=\"hover:entity-accent entity-underline inline cursor-pointer align-baseline\"><span class=\"whitespace-normal\">Liga Mexicana del Pac\u00edfico<\/span><\/span>.<\/p>\n<p data-start=\"656\" data-end=\"875\">Durante su gesti\u00f3n, el estratega logr\u00f3 llevar a los Naranjeros a conquistar el <strong data-start=\"735\" data-end=\"757\">t\u00edtulo n\u00famero XVII<\/strong> de la organizaci\u00f3n en la temporada 2023-2024, destacando una marca de <strong data-start=\"828\" data-end=\"874\">12 victorias y una derrota en los playoffs<\/strong>.<\/p>\n<p data-start=\"877\" data-end=\"1102\">Adem\u00e1s, bajo su direcci\u00f3n el equipo se mantuvo de manera constante en postemporada, alcanzando una final y dos semifinales, consolid\u00e1ndose como uno de los managers con m\u00e1s temporadas consecutivas al frente de la organizaci\u00f3n.<\/p>\n<p data-start=\"1104\" data-end=\"1301\" data-is-last-node=\"\" data-is-only-node=\"\">La directiva del club agradeci\u00f3 a Castro su profesionalismo, liderazgo y compromiso durante su paso por la instituci\u00f3n, al tiempo que le dese\u00f3 \u00e9xito en sus futuros proyectos dentro del b\u00e9isbol<\/p>\n","protected":false},"excerpt":{"rendered":"<p>El club Naranjeros de Hermosillo inform\u00f3 de manera oficial la conclusi\u00f3n de la etapa de Juan Gabriel Castro como manager del equipo, luego de cinco temporadas al frente de la escuadra naranja. De acuerdo con el comunicado, la decisi\u00f3n se tom\u00f3 de com\u00fan acuerdo entre el estratega y la directiva para poner fin a la [&hellip;]<\/p>\n","protected":false},"author":2,"featured_media":247939,"comment_status":"closed","ping_status":"closed","sticky":false,"template":"","format":"standard","meta":{"footnotes":""},"categories":[188,12870],"tags":[5231,12865],"class_list":["post-247938","post","type-post","status-publish","format-standard","has-post-thumbnail","hentry","category-deportes","category-destacadas","tag-deportes","tag-destacadas"],"jetpack_featured_media_url":"https:\/\/rnoticias.com.mx\/Portal\/wp-content\/uploads\/2026\/03\/677f25e468337.webp","amp_enabled":true,"_links":{"self":[{"href":"https:\/\/rnoticias.com.mx\/Portal\/wp-json\/wp\/v2\/posts\/247938","targetHints":{"allow":["GET"]}}],"collection":[{"href":"https:\/\/rnoticias.com.mx\/Portal\/wp-json\/wp\/v2\/posts"}],"about":[{"href":"https:\/\/rnoticias.com.mx\/Portal\/wp-json\/wp\/v2\/types\/post"}],"author":[{"embeddable":true,"href":"https:\/\/rnoticias.com.mx\/Portal\/wp-json\/wp\/v2\/users\/2"}],"replies":[{"embeddable":true,"href":"https:\/\/rnoticias.com.mx\/Portal\/wp-json\/wp\/v2\/comments?post=247938"}],"version-history":[{"count":1,"href":"https:\/\/rnoticias.com.mx\/Portal\/wp-json\/wp\/v2\/posts\/247938\/revisions"}],"predecessor-version":[{"id":247940,"href":"https:\/\/rnoticias.com.mx\/Portal\/wp-json\/wp\/v2\/posts\/247938\/revisions\/247940"}],"wp:featuredmedia":[{"embeddable":true,"href":"https:\/\/rnoticias.com.mx\/Portal\/wp-json\/wp\/v2\/media\/247939"}],"wp:attachment":[{"href":"https:\/\/rnoticias.com.mx\/Portal\/wp-json\/wp\/v2\/media?parent=247938"}],"wp:term":[{"taxonomy":"category","embeddable":true,"href":"https:\/\/rnoticias.com.mx\/Portal\/wp-json\/wp\/v2\/categories?post=247938"},{"taxonomy":"post_tag","embeddable":true,"href":"https:\/\/rnoticias.com.mx\/Portal\/wp-json\/wp\/v2\/tags?post=247938"}],"curies":[{"name":"wp","href":"https:\/\/api.w.org\/{rel}","templated":true}]}}