{"id":247931,"date":"2026-03-05T18:35:54","date_gmt":"2026-03-06T01:35:54","guid":{"rendered":"https:\/\/rnoticias.com.mx\/Portal\/?p=247931"},"modified":"2026-03-05T18:35:54","modified_gmt":"2026-03-06T01:35:54","slug":"sader-sonora-concluye-tramite-de-pagos-del-programa-precio-de-garantia-para-el-trigo-panificable-388-mdp-fortaleceran-29-mil-hectareas-en-el-estado","status":"publish","type":"post","link":"https:\/\/rnoticias.com.mx\/Portal\/2026\/03\/05\/sader-sonora-concluye-tramite-de-pagos-del-programa-precio-de-garantia-para-el-trigo-panificable-388-mdp-fortaleceran-29-mil-hectareas-en-el-estado\/","title":{"rendered":"SADER Sonora concluye tr\u00e1mite de pagos del Programa Precio de Garant\u00eda para el trigo panificable; 388 mdp fortalecer\u00e1n 29 mil hect\u00e1reas en el estado"},"content":{"rendered":"<p>Hermosillo, Sonora; marzo de 2026.\u2013 La Secretar\u00eda de Agricultura y Desarrollo Rural (SADER) en Sonora informa que se ha concluido al 100% con el tr\u00e1mite de pago a los productores beneficiarios del Programa Precios de Garant\u00eda a Productos Alimentarios B\u00e1sicos, para el cultivo de trigo panificable, ciclo agr\u00edcola 2024\u20132025, cumpliendo con el compromiso de apoyar al sector agr\u00edcola en el estado.<\/p>\n<p>El delegado de SADER en Sonora, Juan Gonz\u00e1lez Alvarado, precis\u00f3, que en el programa se atendieron 1,678 productores, lo que representa una derrama econ\u00f3mica superior a 388 millones de pesos, con impacto directo en 29 mil hect\u00e1reas destinadas a la producci\u00f3n de trigo panificable en la entidad.<\/p>\n<p>Es importante destacar que, conforme se han realizado los registros al programa por parte de SADER Sonora, los recursos est\u00e1n siendo transferidos por FIRCO (Fideicomiso de Riesgo Compartido) a las cuentas bancarias de los productores. Actualmente, el 70 por ciento de los beneficiarios ya dispone del apoyo; el 30 por ciento restante recibir\u00e1 el recurso en un plazo no mayor a catorce d\u00edas, con lo cual se garantizar\u00e1 la cobertura total del programa.<\/p>\n<p>Este resultado fue posible gracias a la coordinaci\u00f3n entre el gobernador Alfonso Durazo y el secretario de Agricultura, Julio Berdegu\u00e9 Sacrist\u00e1n, as\u00ed como de la presidenta de M\u00e9xico, Claudia Sheinbaum Pardo, quienes impulsaron el seguimiento puntual del programa en beneficio del campo sonorense.<\/p>\n<p>Asimismo, por instrucciones de Juan Gonz\u00e1lez Alvarado, se redoblaron esfuerzos operativos para adelantar el cumplimiento del calendario de pagos, logrando concluir la totalidad de los tr\u00e1mites antes de lo previsto inicialmente.<\/p>\n<p>De igual forma, la SADER Sonora informa que al momento, 38 productores contemplados en el programa est\u00e1n recibiendo informaci\u00f3n y capacitaci\u00f3n personalizada con el personal de la secretar\u00eda, con el objetivo de que puedan completar su proceso y obtener el recurso (estos apoyos tambi\u00e9n ya est\u00e1n autorizados).<\/p>\n<p>La Secretar\u00eda de Agricultura y Desarrollo Rural refrenda su compromiso con las y los productores de Sonora, garantizando que los programas federales se ejecuten con orden, transparencia y plena cobertura en beneficio del sector agr\u00edcola.<\/p>\n","protected":false},"excerpt":{"rendered":"<p>Hermosillo, Sonora; marzo de 2026.\u2013 La Secretar\u00eda de Agricultura y Desarrollo Rural (SADER) en Sonora informa que se ha concluido al 100% con el tr\u00e1mite de pago a los productores beneficiarios del Programa Precios de Garant\u00eda a Productos Alimentarios B\u00e1sicos, para el cultivo de trigo panificable, ciclo agr\u00edcola 2024\u20132025, cumpliendo con el compromiso de apoyar [&hellip;]<\/p>\n","protected":false},"author":2,"featured_media":247932,"comment_status":"closed","ping_status":"closed","sticky":false,"template":"","format":"standard","meta":{"footnotes":""},"categories":[12870,178],"tags":[12865,12869],"class_list":["post-247931","post","type-post","status-publish","format-standard","has-post-thumbnail","hentry","category-destacadas","category-local","tag-destacadas","tag-local"],"jetpack_featured_media_url":"https:\/\/rnoticias.com.mx\/Portal\/wp-content\/uploads\/2026\/03\/28.jpg","amp_enabled":true,"_links":{"self":[{"href":"https:\/\/rnoticias.com.mx\/Portal\/wp-json\/wp\/v2\/posts\/247931","targetHints":{"allow":["GET"]}}],"collection":[{"href":"https:\/\/rnoticias.com.mx\/Portal\/wp-json\/wp\/v2\/posts"}],"about":[{"href":"https:\/\/rnoticias.com.mx\/Portal\/wp-json\/wp\/v2\/types\/post"}],"author":[{"embeddable":true,"href":"https:\/\/rnoticias.com.mx\/Portal\/wp-json\/wp\/v2\/users\/2"}],"replies":[{"embeddable":true,"href":"https:\/\/rnoticias.com.mx\/Portal\/wp-json\/wp\/v2\/comments?post=247931"}],"version-history":[{"count":1,"href":"https:\/\/rnoticias.com.mx\/Portal\/wp-json\/wp\/v2\/posts\/247931\/revisions"}],"predecessor-version":[{"id":247933,"href":"https:\/\/rnoticias.com.mx\/Portal\/wp-json\/wp\/v2\/posts\/247931\/revisions\/247933"}],"wp:featuredmedia":[{"embeddable":true,"href":"https:\/\/rnoticias.com.mx\/Portal\/wp-json\/wp\/v2\/media\/247932"}],"wp:attachment":[{"href":"https:\/\/rnoticias.com.mx\/Portal\/wp-json\/wp\/v2\/media?parent=247931"}],"wp:term":[{"taxonomy":"category","embeddable":true,"href":"https:\/\/rnoticias.com.mx\/Portal\/wp-json\/wp\/v2\/categories?post=247931"},{"taxonomy":"post_tag","embeddable":true,"href":"https:\/\/rnoticias.com.mx\/Portal\/wp-json\/wp\/v2\/tags?post=247931"}],"curies":[{"name":"wp","href":"https:\/\/api.w.org\/{rel}","templated":true}]}}