{"id":247884,"date":"2026-03-05T18:03:57","date_gmt":"2026-03-06T01:03:57","guid":{"rendered":"https:\/\/rnoticias.com.mx\/Portal\/?p=247884"},"modified":"2026-03-05T18:03:57","modified_gmt":"2026-03-06T01:03:57","slug":"gobierno-de-sonora-celebra-la-semana-cultural-2026-en-cedam-isaam","status":"publish","type":"post","link":"https:\/\/rnoticias.com.mx\/Portal\/2026\/03\/05\/gobierno-de-sonora-celebra-la-semana-cultural-2026-en-cedam-isaam\/","title":{"rendered":"Gobierno de Sonora celebra la Semana Cultural 2026 en CEDAM: ISAAM"},"content":{"rendered":"<p>Hermosillo, Sonora; 5 de marzo de 2026.- El Gobierno del Estado de Sonora, a trav\u00e9s del Instituto Sonorense para la Atenci\u00f3n de los Adultos Mayores (ISAAM), llevar\u00e1 a cabo la Semana Cultural 2026 del 9 al 13 de marzo en los Centros de Desarrollo para Adultos Mayores (CEDAM) de Hermosillo, Agua Prieta y Cajeme.<\/p>\n<p>Durante esta semana, las personas adultas mayores participar\u00e1n en diversas actividades culturales, recreativas, deportivas y educativas que promueven el bienestar f\u00edsico, mental y social, fomentando la convivencia, la creatividad y la participaci\u00f3n activa.<\/p>\n<p>El programa contempla actividades como rally deportivos, juegos de destreza, baile, karaoke, exposiciones y talleres de pintura, manualidades, teatro, interpretaci\u00f3n musical, lectura din\u00e1mica y muestras gastron\u00f3micas, donde las y los participantes podr\u00e1n compartir sus talentos y fortalecer los lazos de comunidad.<\/p>\n<p>Asimismo, se impartir\u00e1n temas de inter\u00e9s como seguridad digital, lenguaje de se\u00f1as mexicanas, c\u00e1psulas informativas y actividades de educaci\u00f3n para la salud, con el objetivo de brindar herramientas \u00fatiles para la vida diaria de las personas adultas mayores.<\/p>\n<p>Con el respaldo del Gobierno del Estado de Sonora, el ISAAM refrenda su compromiso de continuar generando alianzas estrat\u00e9gicas que contribuyen a consolidar una sociedad m\u00e1s incluyente, solidaria y con mayores oportunidades para este sector de la poblaci\u00f3n.<\/p>\n","protected":false},"excerpt":{"rendered":"<p>Hermosillo, Sonora; 5 de marzo de 2026.- El Gobierno del Estado de Sonora, a trav\u00e9s del Instituto Sonorense para la Atenci\u00f3n de los Adultos Mayores (ISAAM), llevar\u00e1 a cabo la Semana Cultural 2026 del 9 al 13 de marzo en los Centros de Desarrollo para Adultos Mayores (CEDAM) de Hermosillo, Agua Prieta y Cajeme. Durante [&hellip;]<\/p>\n","protected":false},"author":2,"featured_media":247885,"comment_status":"closed","ping_status":"closed","sticky":false,"template":"","format":"standard","meta":{"footnotes":""},"categories":[178],"tags":[12869],"class_list":["post-247884","post","type-post","status-publish","format-standard","has-post-thumbnail","hentry","category-local","tag-local"],"jetpack_featured_media_url":"https:\/\/rnoticias.com.mx\/Portal\/wp-content\/uploads\/2026\/03\/unnamed-1-7.jpg","amp_enabled":true,"_links":{"self":[{"href":"https:\/\/rnoticias.com.mx\/Portal\/wp-json\/wp\/v2\/posts\/247884","targetHints":{"allow":["GET"]}}],"collection":[{"href":"https:\/\/rnoticias.com.mx\/Portal\/wp-json\/wp\/v2\/posts"}],"about":[{"href":"https:\/\/rnoticias.com.mx\/Portal\/wp-json\/wp\/v2\/types\/post"}],"author":[{"embeddable":true,"href":"https:\/\/rnoticias.com.mx\/Portal\/wp-json\/wp\/v2\/users\/2"}],"replies":[{"embeddable":true,"href":"https:\/\/rnoticias.com.mx\/Portal\/wp-json\/wp\/v2\/comments?post=247884"}],"version-history":[{"count":1,"href":"https:\/\/rnoticias.com.mx\/Portal\/wp-json\/wp\/v2\/posts\/247884\/revisions"}],"predecessor-version":[{"id":247886,"href":"https:\/\/rnoticias.com.mx\/Portal\/wp-json\/wp\/v2\/posts\/247884\/revisions\/247886"}],"wp:featuredmedia":[{"embeddable":true,"href":"https:\/\/rnoticias.com.mx\/Portal\/wp-json\/wp\/v2\/media\/247885"}],"wp:attachment":[{"href":"https:\/\/rnoticias.com.mx\/Portal\/wp-json\/wp\/v2\/media?parent=247884"}],"wp:term":[{"taxonomy":"category","embeddable":true,"href":"https:\/\/rnoticias.com.mx\/Portal\/wp-json\/wp\/v2\/categories?post=247884"},{"taxonomy":"post_tag","embeddable":true,"href":"https:\/\/rnoticias.com.mx\/Portal\/wp-json\/wp\/v2\/tags?post=247884"}],"curies":[{"name":"wp","href":"https:\/\/api.w.org\/{rel}","templated":true}]}}