{"id":247863,"date":"2026-03-05T17:31:00","date_gmt":"2026-03-06T00:31:00","guid":{"rendered":"https:\/\/rnoticias.com.mx\/Portal\/?p=247863"},"modified":"2026-03-05T17:31:00","modified_gmt":"2026-03-06T00:31:00","slug":"anuncia-gobierno-de-hermosillo-nuevos-horarios-en-traslados-gratuitos-a-9na-muestra-gastronomica-de-san-pedro","status":"publish","type":"post","link":"https:\/\/rnoticias.com.mx\/Portal\/2026\/03\/05\/anuncia-gobierno-de-hermosillo-nuevos-horarios-en-traslados-gratuitos-a-9na-muestra-gastronomica-de-san-pedro\/","title":{"rendered":"Anuncia Gobierno de Hermosillo nuevos horarios en traslados gratuitos a 9na. Muestra Gastron\u00f3mica de San Pedro"},"content":{"rendered":"<p>Hermosillo, Sonora, 5 de marzo, 2026.- El Gobierno de Hermosillo abre nuevos horarios para el traslado en el Troleb\u00fas a la 9na. Muestra Gastron\u00f3mica de San Pedro los d\u00edas s\u00e1bado 7 y domingo 8 de marzo, inform\u00f3 Fernanda Cisneros Rodr\u00edguez.<\/p>\n<p>La directora de Desarrollo Tur\u00edstico de la Agencia Municipal de Desarrollo Econ\u00f3mico inform\u00f3 que gracias al inter\u00e9s de las y los hermosillenses por probar los platillos sonorenses tendr\u00e1n nuevas salidas desde la Plaza Zaragoza.<\/p>\n<p>Precis\u00f3 que los nuevos horarios son s\u00e1bado 7 y domingo 8 de marzo salida a las 9:00 horas y regreso a las 15:00 horas; salida a las 10:00 horas y regreso a las 16:00 horas y salida a las 11:00 horas con retorno a las 17:00 horas.<\/p>\n<p>Para las personas interesadas en apartar un lugar al n\u00famero celular 6622909233 para asegurar su espacio y poder disfrutar los platillos sonorenses utilizando su Pasaporte Gastron\u00f3mico.<\/p>\n<p>La 9na. Muestra Gastron\u00f3mica de San Pedro se realizar\u00e1 en la Telesecundaria 186 en un horario de 8:00 a 17:00 horas los d\u00edas mencionados en la que participar\u00e1n 60 establecimientos.<\/p>\n","protected":false},"excerpt":{"rendered":"<p>Hermosillo, Sonora, 5 de marzo, 2026.- El Gobierno de Hermosillo abre nuevos horarios para el traslado en el Troleb\u00fas a la 9na. Muestra Gastron\u00f3mica de San Pedro los d\u00edas s\u00e1bado 7 y domingo 8 de marzo, inform\u00f3 Fernanda Cisneros Rodr\u00edguez. La directora de Desarrollo Tur\u00edstico de la Agencia Municipal de Desarrollo Econ\u00f3mico inform\u00f3 que gracias [&hellip;]<\/p>\n","protected":false},"author":2,"featured_media":247864,"comment_status":"closed","ping_status":"closed","sticky":false,"template":"","format":"standard","meta":{"footnotes":""},"categories":[12870,178],"tags":[12865,12869],"class_list":["post-247863","post","type-post","status-publish","format-standard","has-post-thumbnail","hentry","category-destacadas","category-local","tag-destacadas","tag-local"],"jetpack_featured_media_url":"https:\/\/rnoticias.com.mx\/Portal\/wp-content\/uploads\/2026\/03\/32.jpg","amp_enabled":true,"_links":{"self":[{"href":"https:\/\/rnoticias.com.mx\/Portal\/wp-json\/wp\/v2\/posts\/247863","targetHints":{"allow":["GET"]}}],"collection":[{"href":"https:\/\/rnoticias.com.mx\/Portal\/wp-json\/wp\/v2\/posts"}],"about":[{"href":"https:\/\/rnoticias.com.mx\/Portal\/wp-json\/wp\/v2\/types\/post"}],"author":[{"embeddable":true,"href":"https:\/\/rnoticias.com.mx\/Portal\/wp-json\/wp\/v2\/users\/2"}],"replies":[{"embeddable":true,"href":"https:\/\/rnoticias.com.mx\/Portal\/wp-json\/wp\/v2\/comments?post=247863"}],"version-history":[{"count":1,"href":"https:\/\/rnoticias.com.mx\/Portal\/wp-json\/wp\/v2\/posts\/247863\/revisions"}],"predecessor-version":[{"id":247865,"href":"https:\/\/rnoticias.com.mx\/Portal\/wp-json\/wp\/v2\/posts\/247863\/revisions\/247865"}],"wp:featuredmedia":[{"embeddable":true,"href":"https:\/\/rnoticias.com.mx\/Portal\/wp-json\/wp\/v2\/media\/247864"}],"wp:attachment":[{"href":"https:\/\/rnoticias.com.mx\/Portal\/wp-json\/wp\/v2\/media?parent=247863"}],"wp:term":[{"taxonomy":"category","embeddable":true,"href":"https:\/\/rnoticias.com.mx\/Portal\/wp-json\/wp\/v2\/categories?post=247863"},{"taxonomy":"post_tag","embeddable":true,"href":"https:\/\/rnoticias.com.mx\/Portal\/wp-json\/wp\/v2\/tags?post=247863"}],"curies":[{"name":"wp","href":"https:\/\/api.w.org\/{rel}","templated":true}]}}