{"id":247857,"date":"2026-03-05T17:22:16","date_gmt":"2026-03-06T00:22:16","guid":{"rendered":"https:\/\/rnoticias.com.mx\/Portal\/?p=247857"},"modified":"2026-03-05T17:22:16","modified_gmt":"2026-03-06T00:22:16","slug":"con-gran-participacion-se-realizo-concurso-de-talento-me-encanta-hermosillo","status":"publish","type":"post","link":"https:\/\/rnoticias.com.mx\/Portal\/2026\/03\/05\/con-gran-participacion-se-realizo-concurso-de-talento-me-encanta-hermosillo\/","title":{"rendered":"Con gran participaci\u00f3n se realiz\u00f3 concurso de talento Me EnCANTA Hermosillo"},"content":{"rendered":"<p>Hermosillo, Sonora, 5 de marzo, 2026.- Con la interpretaci\u00f3n de \u201cM\u00e9xico lindo y querido\u201d, la menor Francisca Romina fue la ganadora de la segunda emisi\u00f3n del concurso \u201cMe EnCanta Hermosillo\u201d realizada en la colonia Carmen Serd\u00e1n.<\/p>\n<p>El concurso organizado por el Ayuntamiento de Hermosillo a trav\u00e9s de Radio La H 89.3 FM en alianza con La Kaliente 90.7 FM da un espacio al talento local en el que este mi\u00e9rcoles participaron nueve concursantes de todas las edades.<\/p>\n<p>El evento fue amenizado previamente con la presentaci\u00f3n del grupo \u201cLos Tres de la Sierra\u201d para dar paso al concurso en el que vecinas y vecinos apoyaron con porras a sus favoritos donde ganaron el segundo lugar Jes\u00fas Santiago con la canci\u00f3n \u201cMe gustas mucho\u201d y Bernab\u00e9 Romero con \u201cGracias (tres corazones) el tercer lugar\u201d.<\/p>\n<p>El locutor Francisco Ver\u00fa \u201cTata Chilebola\u201d fue el encargado de dar la bienvenida a los asistentes y motivar a los concursantes en este espacio en el que estuvieron como juezas la soprano Paola Orozco Andrade, F\u00e1tima Parra \u201cLa Preciosa\u201d y Viridiana Yescas, locutoras de La Kaliente 90.7 FM y la directora general de Comunicaci\u00f3n Social del municipio, Ivone Andrade. Como invitados la directora de DIF Hermosillo, Madeleine Bonnafoux y el director de Salud Municipal, Luis Becerra.<\/p>\n<p>La siguiente edici\u00f3n de \u201cMe EnCanta Hermosillo\u201d ser\u00e1 en la colonia Caf\u00e9 Combate, en la que las y los interesados en concursar pueden inscribirse a trav\u00e9s de redes sociales de Radio La H 89.3 FM.<\/p>\n","protected":false},"excerpt":{"rendered":"<p>Hermosillo, Sonora, 5 de marzo, 2026.- Con la interpretaci\u00f3n de \u201cM\u00e9xico lindo y querido\u201d, la menor Francisca Romina fue la ganadora de la segunda emisi\u00f3n del concurso \u201cMe EnCanta Hermosillo\u201d realizada en la colonia Carmen Serd\u00e1n. El concurso organizado por el Ayuntamiento de Hermosillo a trav\u00e9s de Radio La H 89.3 FM en alianza con [&hellip;]<\/p>\n","protected":false},"author":2,"featured_media":247858,"comment_status":"closed","ping_status":"closed","sticky":false,"template":"","format":"standard","meta":{"footnotes":""},"categories":[12870,178],"tags":[12865,12869],"class_list":["post-247857","post","type-post","status-publish","format-standard","has-post-thumbnail","hentry","category-destacadas","category-local","tag-destacadas","tag-local"],"jetpack_featured_media_url":"https:\/\/rnoticias.com.mx\/Portal\/wp-content\/uploads\/2026\/03\/323.jpg","amp_enabled":true,"_links":{"self":[{"href":"https:\/\/rnoticias.com.mx\/Portal\/wp-json\/wp\/v2\/posts\/247857","targetHints":{"allow":["GET"]}}],"collection":[{"href":"https:\/\/rnoticias.com.mx\/Portal\/wp-json\/wp\/v2\/posts"}],"about":[{"href":"https:\/\/rnoticias.com.mx\/Portal\/wp-json\/wp\/v2\/types\/post"}],"author":[{"embeddable":true,"href":"https:\/\/rnoticias.com.mx\/Portal\/wp-json\/wp\/v2\/users\/2"}],"replies":[{"embeddable":true,"href":"https:\/\/rnoticias.com.mx\/Portal\/wp-json\/wp\/v2\/comments?post=247857"}],"version-history":[{"count":1,"href":"https:\/\/rnoticias.com.mx\/Portal\/wp-json\/wp\/v2\/posts\/247857\/revisions"}],"predecessor-version":[{"id":247859,"href":"https:\/\/rnoticias.com.mx\/Portal\/wp-json\/wp\/v2\/posts\/247857\/revisions\/247859"}],"wp:featuredmedia":[{"embeddable":true,"href":"https:\/\/rnoticias.com.mx\/Portal\/wp-json\/wp\/v2\/media\/247858"}],"wp:attachment":[{"href":"https:\/\/rnoticias.com.mx\/Portal\/wp-json\/wp\/v2\/media?parent=247857"}],"wp:term":[{"taxonomy":"category","embeddable":true,"href":"https:\/\/rnoticias.com.mx\/Portal\/wp-json\/wp\/v2\/categories?post=247857"},{"taxonomy":"post_tag","embeddable":true,"href":"https:\/\/rnoticias.com.mx\/Portal\/wp-json\/wp\/v2\/tags?post=247857"}],"curies":[{"name":"wp","href":"https:\/\/api.w.org\/{rel}","templated":true}]}}