{"id":247854,"date":"2026-03-05T17:21:18","date_gmt":"2026-03-06T00:21:18","guid":{"rendered":"https:\/\/rnoticias.com.mx\/Portal\/?p=247854"},"modified":"2026-03-05T17:21:18","modified_gmt":"2026-03-06T00:21:18","slug":"cuatro-waldos-reanudan-servicio-tras-meses-de-cierre-en-hmo","status":"publish","type":"post","link":"https:\/\/rnoticias.com.mx\/Portal\/2026\/03\/05\/cuatro-waldos-reanudan-servicio-tras-meses-de-cierre-en-hmo\/","title":{"rendered":"Cuatro Waldo\u2019s reanudan servicio tras meses de cierre en HMO"},"content":{"rendered":"<p>Hermosillo, Sonora. A cuatro meses del incendio registrado en una sucursal de Waldo\u2019s en el Centro de Hermosillo, al menos cuatro tiendas de la cadena comercial reiniciaron operaciones en la capital sonorense, luego de permanecer cerradas durante el proceso de revisiones realizadas por autoridades.<\/p>\n<p>&nbsp;<\/p>\n<p>Tras el siniestro, en el que fallecieron 24 personas, el Gobierno de Sonora orden\u00f3 la suspensi\u00f3n temporal de actividades en los establecimientos de la empresa para llevar a cabo verificaciones en materia de seguridad. Las inspecciones fueron realizadas por unidades municipales de Protecci\u00f3n Civil con el objetivo de revisar las condiciones de los inmuebles y el cumplimiento de medidas preventivas.<\/p>\n<p>&nbsp;<\/p>\n<p>En Hermosillo, las sucursales que ya retomaron la atenci\u00f3n al p\u00fablico se encuentran en las zonas de Jes\u00fas Garc\u00eda, Progreso, Nuevo Hermosillo y Plaza Quiroga, donde nuevamente se observa actividad comercial y presencia de clientes.<\/p>\n<p>&nbsp;<\/p>\n<p>De acuerdo con informaci\u00f3n disponible, la cadena cuenta en Sonora con sucursales distribuidas en al menos 20 municipios, lo que la convierte en una de las tiendas de autoservicio con mayor presencia en el estado.<\/p>\n<p>&nbsp;<\/p>\n<p>Sin embargo, no todas las tiendas han reanudado operaciones. Tal es el caso del establecimiento ubicado sobre la calle Pino Su\u00e1rez, en el sector Centro de Hermosillo, donde incluso fueron retirados los r\u00f3tulos de la fachada tras el incendio ocurrido meses atr\u00e1s.<\/p>\n<p>&nbsp;<\/p>\n<p>La reapertura de sucursales tambi\u00e9n se ha registrado en otros municipios del estado. Entre las localidades donde las tiendas han vuelto a operar se encuentran Cajeme, Nogales, Agua Prieta, Santa Ana, entre otros.<\/p>\n<p>&nbsp;<\/p>\n<p>El dato:<\/p>\n<p>Con la reactivaci\u00f3n gradual, la cadena comienza a retomar su actividad comercial en Sonora, luego del cierre que se mantuvo durante varios meses mientras se realizaban inspecciones y se evaluaban las condiciones de seguridad en sus instalaciones.<\/p>\n<p>&nbsp;<\/p>\n<p>Cifra:<\/p>\n<p>La cadena Waldos en Sonora con 68 sucursales distribuidas en 20 municipios.<\/p>\n","protected":false},"excerpt":{"rendered":"<p>Hermosillo, Sonora. A cuatro meses del incendio registrado en una sucursal de Waldo\u2019s en el Centro de Hermosillo, al menos cuatro tiendas de la cadena comercial reiniciaron operaciones en la capital sonorense, luego de permanecer cerradas durante el proceso de revisiones realizadas por autoridades. &nbsp; Tras el siniestro, en el que fallecieron 24 personas, el [&hellip;]<\/p>\n","protected":false},"author":2,"featured_media":247855,"comment_status":"closed","ping_status":"closed","sticky":false,"template":"","format":"standard","meta":{"footnotes":""},"categories":[12870,178],"tags":[12865,12869],"class_list":["post-247854","post","type-post","status-publish","format-standard","has-post-thumbnail","hentry","category-destacadas","category-local","tag-destacadas","tag-local"],"jetpack_featured_media_url":"https:\/\/rnoticias.com.mx\/Portal\/wp-content\/uploads\/2026\/03\/200.webp","amp_enabled":true,"_links":{"self":[{"href":"https:\/\/rnoticias.com.mx\/Portal\/wp-json\/wp\/v2\/posts\/247854","targetHints":{"allow":["GET"]}}],"collection":[{"href":"https:\/\/rnoticias.com.mx\/Portal\/wp-json\/wp\/v2\/posts"}],"about":[{"href":"https:\/\/rnoticias.com.mx\/Portal\/wp-json\/wp\/v2\/types\/post"}],"author":[{"embeddable":true,"href":"https:\/\/rnoticias.com.mx\/Portal\/wp-json\/wp\/v2\/users\/2"}],"replies":[{"embeddable":true,"href":"https:\/\/rnoticias.com.mx\/Portal\/wp-json\/wp\/v2\/comments?post=247854"}],"version-history":[{"count":1,"href":"https:\/\/rnoticias.com.mx\/Portal\/wp-json\/wp\/v2\/posts\/247854\/revisions"}],"predecessor-version":[{"id":247856,"href":"https:\/\/rnoticias.com.mx\/Portal\/wp-json\/wp\/v2\/posts\/247854\/revisions\/247856"}],"wp:featuredmedia":[{"embeddable":true,"href":"https:\/\/rnoticias.com.mx\/Portal\/wp-json\/wp\/v2\/media\/247855"}],"wp:attachment":[{"href":"https:\/\/rnoticias.com.mx\/Portal\/wp-json\/wp\/v2\/media?parent=247854"}],"wp:term":[{"taxonomy":"category","embeddable":true,"href":"https:\/\/rnoticias.com.mx\/Portal\/wp-json\/wp\/v2\/categories?post=247854"},{"taxonomy":"post_tag","embeddable":true,"href":"https:\/\/rnoticias.com.mx\/Portal\/wp-json\/wp\/v2\/tags?post=247854"}],"curies":[{"name":"wp","href":"https:\/\/api.w.org\/{rel}","templated":true}]}}