{"id":247841,"date":"2026-03-05T17:05:20","date_gmt":"2026-03-06T00:05:20","guid":{"rendered":"https:\/\/rnoticias.com.mx\/Portal\/?p=247841"},"modified":"2026-03-05T17:05:20","modified_gmt":"2026-03-06T00:05:20","slug":"invitan-a-coloquio-regional-de-antropologia-en-la-unison","status":"publish","type":"post","link":"https:\/\/rnoticias.com.mx\/Portal\/2026\/03\/05\/invitan-a-coloquio-regional-de-antropologia-en-la-unison\/","title":{"rendered":"Invitan a Coloquio Regional de Antropolog\u00eda en la Unison"},"content":{"rendered":"<p>Estudiantes de la Universidad de Sonora realizar\u00e1n la segunda edici\u00f3n del Coloquio Regional de Antropolog\u00eda \u201cDi\u00e1logos Comunitarios del Noroeste\u201d, un espacio que busca compartir conocimientos y experiencias sobre la disciplina desde una perspectiva comunitaria, social y cultural.<\/p>\n<p>&nbsp;<\/p>\n<p>Ana Karen L\u00f3pez Duarte, estudiante del octavo semestre de la Licenciatura en Antropolog\u00eda de la Universidad de Sonora e integrante del comit\u00e9 organizador, explic\u00f3 que el evento se llevar\u00e1 a cabo del 23 al 27 de marzo en el Departamento de Historia y Antropolog\u00eda, con diversas actividades acad\u00e9micas y culturales abiertas al p\u00fablico.<\/p>\n<p>&nbsp;<\/p>\n<p>\u201cY d\u00e1ndole otro giro, este a\u00f1o quisimos suavizar m\u00e1s ese aspecto de la investigaci\u00f3n y de la academia,\u00a0reconociendo que los saberes sobre el cuerpo, sobre el ser y los saberes culturales nos competen a todas y a todos, es que quisimos relativizar ese aspecto del conocimiento, m\u00e1s bien\u201d, extern\u00f3.<\/p>\n<p>&nbsp;<\/p>\n<p>Entre las actividades mencion\u00f3, habr\u00e1 conversatorios, presentaciones de libros, talleres y un tianguis cultural con venta de libros, trueque de ropa, proyectos independientes y presentaciones musicales. Todas las actividades ser\u00e1n gratuitas.<\/p>\n","protected":false},"excerpt":{"rendered":"<p>Estudiantes de la Universidad de Sonora realizar\u00e1n la segunda edici\u00f3n del Coloquio Regional de Antropolog\u00eda \u201cDi\u00e1logos Comunitarios del Noroeste\u201d, un espacio que busca compartir conocimientos y experiencias sobre la disciplina desde una perspectiva comunitaria, social y cultural. &nbsp; Ana Karen L\u00f3pez Duarte, estudiante del octavo semestre de la Licenciatura en Antropolog\u00eda de la Universidad de [&hellip;]<\/p>\n","protected":false},"author":2,"featured_media":247842,"comment_status":"closed","ping_status":"closed","sticky":false,"template":"","format":"standard","meta":{"footnotes":""},"categories":[12870,178],"tags":[12865,12869],"class_list":["post-247841","post","type-post","status-publish","format-standard","has-post-thumbnail","hentry","category-destacadas","category-local","tag-destacadas","tag-local"],"jetpack_featured_media_url":"https:\/\/rnoticias.com.mx\/Portal\/wp-content\/uploads\/2026\/03\/91.jpg","amp_enabled":true,"_links":{"self":[{"href":"https:\/\/rnoticias.com.mx\/Portal\/wp-json\/wp\/v2\/posts\/247841","targetHints":{"allow":["GET"]}}],"collection":[{"href":"https:\/\/rnoticias.com.mx\/Portal\/wp-json\/wp\/v2\/posts"}],"about":[{"href":"https:\/\/rnoticias.com.mx\/Portal\/wp-json\/wp\/v2\/types\/post"}],"author":[{"embeddable":true,"href":"https:\/\/rnoticias.com.mx\/Portal\/wp-json\/wp\/v2\/users\/2"}],"replies":[{"embeddable":true,"href":"https:\/\/rnoticias.com.mx\/Portal\/wp-json\/wp\/v2\/comments?post=247841"}],"version-history":[{"count":2,"href":"https:\/\/rnoticias.com.mx\/Portal\/wp-json\/wp\/v2\/posts\/247841\/revisions"}],"predecessor-version":[{"id":247844,"href":"https:\/\/rnoticias.com.mx\/Portal\/wp-json\/wp\/v2\/posts\/247841\/revisions\/247844"}],"wp:featuredmedia":[{"embeddable":true,"href":"https:\/\/rnoticias.com.mx\/Portal\/wp-json\/wp\/v2\/media\/247842"}],"wp:attachment":[{"href":"https:\/\/rnoticias.com.mx\/Portal\/wp-json\/wp\/v2\/media?parent=247841"}],"wp:term":[{"taxonomy":"category","embeddable":true,"href":"https:\/\/rnoticias.com.mx\/Portal\/wp-json\/wp\/v2\/categories?post=247841"},{"taxonomy":"post_tag","embeddable":true,"href":"https:\/\/rnoticias.com.mx\/Portal\/wp-json\/wp\/v2\/tags?post=247841"}],"curies":[{"name":"wp","href":"https:\/\/api.w.org\/{rel}","templated":true}]}}