{"id":247838,"date":"2026-03-05T16:21:21","date_gmt":"2026-03-05T23:21:21","guid":{"rendered":"https:\/\/rnoticias.com.mx\/Portal\/?p=247838"},"modified":"2026-03-05T16:21:21","modified_gmt":"2026-03-05T23:21:21","slug":"invitan-a-caminata-botanica-y-pajareada-por-el-dia-de-la-mujer","status":"publish","type":"post","link":"https:\/\/rnoticias.com.mx\/Portal\/2026\/03\/05\/invitan-a-caminata-botanica-y-pajareada-por-el-dia-de-la-mujer\/","title":{"rendered":"Invitan a caminata bot\u00e1nica y pajareada por el D\u00eda de la Mujer"},"content":{"rendered":"<p>Colectivos ciudadanos invitan a participar en la Caminata Bot\u00e1nica Invierno\u2013Primavera y Pajareada que se realizar\u00e1 el pr\u00f3ximo 8 de marzo a las 6:30 de la ma\u00f1ana, con el objetivo de celebrar la vida silvestre y promover el cuidado del medio ambiente.<\/p>\n<p>&nbsp;<\/p>\n<p>B\u00e1rbara Peralta, integrante de los colectivos Mujeres entre Aves y Planeta Ra\u00edz, explic\u00f3 que la actividad busca acercar a la ciudadan\u00eda a la naturaleza mediante la observaci\u00f3n de aves y el reconocimiento de plantas nativas de la regi\u00f3n.<\/p>\n<p>&nbsp;<\/p>\n<p>\u201cLa actividad es caminar por los senderos de un area natural protegida de aqu\u00ed de Hermosillo, a quienes se registren les diremos exactamente la ubicaci\u00f3n del lugar\u201d, dijo.<\/p>\n<p>&nbsp;<\/p>\n<p>Enfatiz\u00f3, que el \u00a0evento forma parte de las actividades para conmemorar el D\u00eda Internacional de la Mujer y contar\u00e1 con la participaci\u00f3n de organizaciones como Planeta Ra\u00edz, HMO Plogging y el Club de Lectura \u201cUn cap\u00edtulo m\u00e1s\u201d. Las personas interesadas pueden registrarse mediante el c\u00f3digo QR disponible en la invitaci\u00f3n dentro de la pagina de instragam: MujeresEntreAves.<\/p>\n<p>&nbsp;<\/p>\n","protected":false},"excerpt":{"rendered":"<p>Colectivos ciudadanos invitan a participar en la Caminata Bot\u00e1nica Invierno\u2013Primavera y Pajareada que se realizar\u00e1 el pr\u00f3ximo 8 de marzo a las 6:30 de la ma\u00f1ana, con el objetivo de celebrar la vida silvestre y promover el cuidado del medio ambiente. &nbsp; B\u00e1rbara Peralta, integrante de los colectivos Mujeres entre Aves y Planeta Ra\u00edz, explic\u00f3 [&hellip;]<\/p>\n","protected":false},"author":2,"featured_media":247839,"comment_status":"closed","ping_status":"closed","sticky":false,"template":"","format":"standard","meta":{"footnotes":""},"categories":[12870,178],"tags":[12865,12869],"class_list":["post-247838","post","type-post","status-publish","format-standard","has-post-thumbnail","hentry","category-destacadas","category-local","tag-destacadas","tag-local"],"jetpack_featured_media_url":"https:\/\/rnoticias.com.mx\/Portal\/wp-content\/uploads\/2026\/03\/aves.jpg","amp_enabled":true,"_links":{"self":[{"href":"https:\/\/rnoticias.com.mx\/Portal\/wp-json\/wp\/v2\/posts\/247838","targetHints":{"allow":["GET"]}}],"collection":[{"href":"https:\/\/rnoticias.com.mx\/Portal\/wp-json\/wp\/v2\/posts"}],"about":[{"href":"https:\/\/rnoticias.com.mx\/Portal\/wp-json\/wp\/v2\/types\/post"}],"author":[{"embeddable":true,"href":"https:\/\/rnoticias.com.mx\/Portal\/wp-json\/wp\/v2\/users\/2"}],"replies":[{"embeddable":true,"href":"https:\/\/rnoticias.com.mx\/Portal\/wp-json\/wp\/v2\/comments?post=247838"}],"version-history":[{"count":1,"href":"https:\/\/rnoticias.com.mx\/Portal\/wp-json\/wp\/v2\/posts\/247838\/revisions"}],"predecessor-version":[{"id":247840,"href":"https:\/\/rnoticias.com.mx\/Portal\/wp-json\/wp\/v2\/posts\/247838\/revisions\/247840"}],"wp:featuredmedia":[{"embeddable":true,"href":"https:\/\/rnoticias.com.mx\/Portal\/wp-json\/wp\/v2\/media\/247839"}],"wp:attachment":[{"href":"https:\/\/rnoticias.com.mx\/Portal\/wp-json\/wp\/v2\/media?parent=247838"}],"wp:term":[{"taxonomy":"category","embeddable":true,"href":"https:\/\/rnoticias.com.mx\/Portal\/wp-json\/wp\/v2\/categories?post=247838"},{"taxonomy":"post_tag","embeddable":true,"href":"https:\/\/rnoticias.com.mx\/Portal\/wp-json\/wp\/v2\/tags?post=247838"}],"curies":[{"name":"wp","href":"https:\/\/api.w.org\/{rel}","templated":true}]}}