{"id":247832,"date":"2026-03-05T16:09:28","date_gmt":"2026-03-05T23:09:28","guid":{"rendered":"https:\/\/rnoticias.com.mx\/Portal\/?p=247832"},"modified":"2026-03-05T16:09:28","modified_gmt":"2026-03-05T23:09:28","slug":"reducir-jornada-laboral-debe-ir-acompanado-de-incentivos-al-empleo-formal-ccpson","status":"publish","type":"post","link":"https:\/\/rnoticias.com.mx\/Portal\/2026\/03\/05\/reducir-jornada-laboral-debe-ir-acompanado-de-incentivos-al-empleo-formal-ccpson\/","title":{"rendered":"Reducir jornada laboral debe ir acompa\u00f1ado de incentivos al empleo formal: CCPSON"},"content":{"rendered":"<p>Hermosillo, Sonora. La presidenta del Colegio de Contadores P\u00fablicos de Sonora (CCPSON), Mar\u00eda Guadalupe Ruiz Durazo, se\u00f1al\u00f3 que la reducci\u00f3n de la jornada laboral de 48 a 40 horas semanales representa un avance importante para el bienestar de los trabajadores, pero advirti\u00f3 que su implementaci\u00f3n debe acompa\u00f1arse de pol\u00edticas que fomenten el empleo formal y mitiguen el aumento en los costos laborales para las empresas.<\/p>\n<p>&nbsp;<\/p>\n<p>Explic\u00f3 que la reforma al art\u00edculo 123 de la Constituci\u00f3n establece que el cambio se aplicar\u00e1 de manera gradual a partir de 2027, disminuyendo dos horas por a\u00f1o hasta llegar a las 40 horas en 2030.<\/p>\n<p>&nbsp;<\/p>\n<p>\u201cDe acuerdo con datos del INEGI, la informalidad laboral en M\u00e9xico alcanz\u00f3 el 55 por ciento en enero de 2026, lo que refleja presiones hacia este tipo de empleo. Adem\u00e1s, el 99.8 por ciento de los establecimientos en el pa\u00eds son micro, peque\u00f1as y medianas empresas, las cuales generan cerca del 70 por ciento del empleo nacional y enfrentan incrementos constantes en sus costos laborales\u201d, indic\u00f3.<\/p>\n<p>&nbsp;<\/p>\n<p>Ruiz Durazo precis\u00f3, que ante este panorama, consider\u00f3 necesario impulsar medidas que incentiven la formalidad, como ajustar la tarifa del ISR para mejorar el ingreso disponible de los trabajadores, permitir la deducci\u00f3n total de la n\u00f3mina para las empresas y otorgar incentivos en las cuotas al Seguro Social para microempresas.<\/p>\n<p>&nbsp;<\/p>\n<p>Finalmente, dijo que mejorar las condiciones laborales es un objetivo positivo, pero debe lograrse con pol\u00edticas que tambi\u00e9n protejan el empleo formal y la estabilidad econ\u00f3mica.<\/p>\n<p>&nbsp;<\/p>\n","protected":false},"excerpt":{"rendered":"<p>Hermosillo, Sonora. La presidenta del Colegio de Contadores P\u00fablicos de Sonora (CCPSON), Mar\u00eda Guadalupe Ruiz Durazo, se\u00f1al\u00f3 que la reducci\u00f3n de la jornada laboral de 48 a 40 horas semanales representa un avance importante para el bienestar de los trabajadores, pero advirti\u00f3 que su implementaci\u00f3n debe acompa\u00f1arse de pol\u00edticas que fomenten el empleo formal y [&hellip;]<\/p>\n","protected":false},"author":2,"featured_media":247833,"comment_status":"closed","ping_status":"closed","sticky":false,"template":"","format":"standard","meta":{"footnotes":""},"categories":[12870,178],"tags":[12865,12869],"class_list":["post-247832","post","type-post","status-publish","format-standard","has-post-thumbnail","hentry","category-destacadas","category-local","tag-destacadas","tag-local"],"jetpack_featured_media_url":"https:\/\/rnoticias.com.mx\/Portal\/wp-content\/uploads\/2026\/03\/344.jpg","amp_enabled":true,"_links":{"self":[{"href":"https:\/\/rnoticias.com.mx\/Portal\/wp-json\/wp\/v2\/posts\/247832","targetHints":{"allow":["GET"]}}],"collection":[{"href":"https:\/\/rnoticias.com.mx\/Portal\/wp-json\/wp\/v2\/posts"}],"about":[{"href":"https:\/\/rnoticias.com.mx\/Portal\/wp-json\/wp\/v2\/types\/post"}],"author":[{"embeddable":true,"href":"https:\/\/rnoticias.com.mx\/Portal\/wp-json\/wp\/v2\/users\/2"}],"replies":[{"embeddable":true,"href":"https:\/\/rnoticias.com.mx\/Portal\/wp-json\/wp\/v2\/comments?post=247832"}],"version-history":[{"count":1,"href":"https:\/\/rnoticias.com.mx\/Portal\/wp-json\/wp\/v2\/posts\/247832\/revisions"}],"predecessor-version":[{"id":247834,"href":"https:\/\/rnoticias.com.mx\/Portal\/wp-json\/wp\/v2\/posts\/247832\/revisions\/247834"}],"wp:featuredmedia":[{"embeddable":true,"href":"https:\/\/rnoticias.com.mx\/Portal\/wp-json\/wp\/v2\/media\/247833"}],"wp:attachment":[{"href":"https:\/\/rnoticias.com.mx\/Portal\/wp-json\/wp\/v2\/media?parent=247832"}],"wp:term":[{"taxonomy":"category","embeddable":true,"href":"https:\/\/rnoticias.com.mx\/Portal\/wp-json\/wp\/v2\/categories?post=247832"},{"taxonomy":"post_tag","embeddable":true,"href":"https:\/\/rnoticias.com.mx\/Portal\/wp-json\/wp\/v2\/tags?post=247832"}],"curies":[{"name":"wp","href":"https:\/\/api.w.org\/{rel}","templated":true}]}}